{"id":41425,"date":"2018-02-19T05:59:56","date_gmt":"2018-02-19T08:59:56","guid":{"rendered":"http:\/\/caririemacao.com\/1\/?p=41425"},"modified":"2018-02-19T06:06:31","modified_gmt":"2018-02-19T09:06:31","slug":"sobrinho-e-esfaqueado-pelo-tio-em-zabele","status":"publish","type":"post","link":"https:\/\/www.caririemacao.com\/1\/2018\/02\/19\/sobrinho-e-esfaqueado-pelo-tio-em-zabele\/","title":{"rendered":"Sobrinho \u00e9 esfaqueado pelo tio em Zabel\u00ea"},"content":{"rendered":"<p>Por volta das 23:00 h deste domingo (18), o rapaz de nome \u201c\u00cdtalo\u201d foi agredido a golpes de faca pelo tio, dep\u00f4s de uma discuss\u00e3o na casa de familiares,\u00a0na zona rual de Zabel\u00ea, no cariri paraibano.<\/p>\n<p>Segundo informa\u00e7\u00f5es eles estavam bebendo, e come\u00e7aram a discuss\u00e3o por causa de uma musica, a v\u00edtima foi socorrido para o Hospital Regional Santa Filomena em Monteiro, E estar sendo transferido para o Hospital de Emerg\u00eancia e\u00a0Trauma de Campina Grande.<\/p>\n<p>O acusado est\u00e1 foragido, e a pol\u00edcia estar em dilig\u00eanca.<\/p>\n<p><strong>CARIRI EM A\u00c7\u00c3O<\/strong><\/p>\n<p><em>Com Hora 1PB \/Foto: Reprodu\u00e7\u00e3o<\/em><\/p>\n<p><strong>Leia mais not\u00edcias em\u00a0<\/strong><a href=\"http:\/\/www.caririemacao.com\/\"><strong>caririemacao.com<\/strong><\/a><strong>, siga nossa p\u00e1gina no\u00a0<\/strong><a href=\"https:\/\/www.facebook.com\/CaririEmAcao\/?ref=aymt_homepage_panel\"><strong>Facebook<\/strong><\/a>,<strong>\u00a0<\/strong><a href=\"https:\/\/www.instagram.com\/cariri_em_acao\/?hl=pt-br\"><strong>Instagram<\/strong><\/a><strong>\u00a0e\u00a0<\/strong><a href=\"https:\/\/www.youtube.com\/channel\/UCAptA0jQuYQy8vMhLt2m4qg\"><strong>Youtube<\/strong><\/a><strong>\u00a0e veja nossas mat\u00e9rias, v\u00eddeos e fotos. Voc\u00ea tamb\u00e9m pode enviar informa\u00e7\u00f5es \u00e0 Reda\u00e7\u00e3o do Portal Cariri em A\u00e7\u00e3o pelo WhatsApp (83) 9 9634.5791, (83) 9 9601-1162.<\/strong><\/p>\n","protected":false},"excerpt":{"rendered":"<p>Por volta das 23:00 h deste domingo (18), o rapaz de nome \u201c\u00cdtalo\u201d foi agredido a golpes de faca pelo tio, dep\u00f4s de uma discuss\u00e3o&hellip; <\/p>\n","protected":false},"author":2,"featured_media":13906,"comment_status":"closed","ping_status":"closed","sticky":false,"template":"","format":"standard","meta":{"sfsi_plus_gutenberg_text_before_share":"","sfsi_plus_gutenberg_show_text_before_share":"","sfsi_plus_gutenberg_icon_type":"","sfsi_plus_gutenberg_icon_alignemt":"","sfsi_plus_gutenburg_max_per_row":"","footnotes":""},"categories":[12],"tags":[],"class_list":["post-41425","post","type-post","status-publish","format-standard","has-post-thumbnail","hentry","category-policia"],"_links":{"self":[{"href":"https:\/\/www.caririemacao.com\/1\/wp-json\/wp\/v2\/posts\/41425","targetHints":{"allow":["GET"]}}],"collection":[{"href":"https:\/\/www.caririemacao.com\/1\/wp-json\/wp\/v2\/posts"}],"about":[{"href":"https:\/\/www.caririemacao.com\/1\/wp-json\/wp\/v2\/types\/post"}],"author":[{"embeddable":true,"href":"https:\/\/www.caririemacao.com\/1\/wp-json\/wp\/v2\/users\/2"}],"replies":[{"embeddable":true,"href":"https:\/\/www.caririemacao.com\/1\/wp-json\/wp\/v2\/comments?post=41425"}],"version-history":[{"count":0,"href":"https:\/\/www.caririemacao.com\/1\/wp-json\/wp\/v2\/posts\/41425\/revisions"}],"wp:featuredmedia":[{"embeddable":true,"href":"https:\/\/www.caririemacao.com\/1\/wp-json\/wp\/v2\/media\/13906"}],"wp:attachment":[{"href":"https:\/\/www.caririemacao.com\/1\/wp-json\/wp\/v2\/media?parent=41425"}],"wp:term":[{"taxonomy":"category","embeddable":true,"href":"https:\/\/www.caririemacao.com\/1\/wp-json\/wp\/v2\/categories?post=41425"},{"taxonomy":"post_tag","embeddable":true,"href":"https:\/\/www.caririemacao.com\/1\/wp-json\/wp\/v2\/tags?post=41425"}],"curies":[{"name":"wp","href":"https:\/\/api.w.org\/{rel}","templated":true}]}}