{"id":41430,"date":"2018-02-20T05:52:57","date_gmt":"2018-02-20T08:52:57","guid":{"rendered":"http:\/\/caririemacao.com\/1\/?p=41430"},"modified":"2018-02-20T05:52:57","modified_gmt":"2018-02-20T08:52:57","slug":"ifpb-abre-selecao-para-professor-substituto","status":"publish","type":"post","link":"https:\/\/www.caririemacao.com\/1\/2018\/02\/20\/ifpb-abre-selecao-para-professor-substituto\/","title":{"rendered":"IFPB abre sele\u00e7\u00e3o para professor substituto"},"content":{"rendered":"<article>\n<div class=\"mc-column content-text active-extra-styles active-capital-letter\" data-block-type=\"unstyled\" data-block-weight=\"46\" data-block-id=\"2\">\n<p class=\"content-text__container theme-color-primary-first-letter\" data-track-category=\"Link no Texto\" data-track-links=\"\">O Instituto Federal de Educa\u00e7\u00e3o, Ci\u00eancia e Tecnologia da Para\u00edba (IFPB) abriu inscri\u00e7\u00f5es para sele\u00e7\u00e3o de professor substituto nas \u00e1reas de Letras, Eventos, Matem\u00e1tica, Probabilidade e Estat\u00edstica e Controle e Processos Industriais. As vagas s\u00e3o para os campi de Jo\u00e3o Pessoa, Catol\u00e9 do Rocha e Cajazeiras.<\/p>\n<\/div>\n<div class=\"mc-column content-text active-extra-styles \" data-block-type=\"unstyled\" data-block-weight=\"56\" data-block-id=\"3\">\n<p class=\"content-text__container \" data-track-category=\"Link no Texto\" data-track-links=\"\">A sele\u00e7\u00e3o, para o total de cinco vagas, distribu\u00eddas entre os diferentes campi, ser\u00e1 realizada por meio da realiza\u00e7\u00e3o de prova de desempenho e de t\u00edtulos. Com um regime semanal de 40 horas de trabalho, a remunera\u00e7\u00e3o inicial \u00e9 de R$ 2.741,89 e deve ser ajustada, durante a contrata\u00e7\u00e3o, de acordo com a titula\u00e7\u00e3o do aprovado.<\/p>\n<p class=\"content-text__container \" data-track-category=\"Link no Texto\" data-track-links=\"\">O contrato tem dura\u00e7\u00e3o de um ano, podendo ser prorrogado, e a taxa de inscri\u00e7\u00e3o custa R$ 100. Entretanto, o candidato pode solicitar a isen\u00e7\u00e3o do pagamento, se for encaixado no que determina a legisla\u00e7\u00e3o.<\/p>\n<\/div>\n<div data-track-category=\"fim do conteudo\" data-track-action=\"ultimo chunk conteudo\" data-track-noninteraction=\"false\" data-track-scroll=\"entrada completa viewport\">\n<div class=\"mc-column content-text active-extra-styles \" data-block-type=\"unstyled\" data-block-weight=\"40\" data-block-id=\"6\">\n<p class=\"content-text__container \" data-track-category=\"Link no Texto\" data-track-links=\"\">As inscri\u00e7\u00f5es para os campi de Jo\u00e3o Pessoa e Catol\u00e9 do Rocha permanecem abertas at\u00e9 a pr\u00f3xima sexta-feira (23), enquanto que para o campus de Cajazeiras, o per\u00edodo ser\u00e1 do dia 20 deste m\u00eas at\u00e9 o dia 5 de mar\u00e7o.<\/p>\n<p><strong>CARIRI EM A\u00c7\u00c3O<\/strong><\/p>\n<div class=\"pf-content\">\n<p><em>Com G1\/Foto:\u00a0Divulga\u00e7\u00e3o\/IFPB<\/em><\/p>\n<p><strong>Leia mais not\u00edcias em\u00a0<\/strong><a href=\"http:\/\/www.caririemacao.com\/\"><strong>caririemacao.com<\/strong><\/a><strong>, siga nossa p\u00e1gina no\u00a0<\/strong><a href=\"https:\/\/www.facebook.com\/CaririEmAcao\/?ref=aymt_homepage_panel\"><strong>Facebook<\/strong><\/a>,<strong>\u00a0<\/strong><a href=\"https:\/\/www.instagram.com\/cariri_em_acao\/?hl=pt-br\"><strong>Instagram<\/strong><\/a><strong>\u00a0e\u00a0<\/strong><a href=\"https:\/\/www.youtube.com\/channel\/UCAptA0jQuYQy8vMhLt2m4qg\"><strong>Youtube<\/strong><\/a><strong>\u00a0e veja nossas mat\u00e9rias, v\u00eddeos e fotos. Voc\u00ea tamb\u00e9m pode enviar informa\u00e7\u00f5es \u00e0 Reda\u00e7\u00e3o do Portal Cariri em A\u00e7\u00e3o pelo WhatsApp (83) 9 9634.5791, (83) 9 9601-1162.<\/strong><\/p>\n<\/div>\n<\/div>\n<\/div>\n<\/article>\n<div class=\"mc-column entities\">\n<p>&nbsp;<\/p>\n<\/div>\n","protected":false},"excerpt":{"rendered":"<p>O Instituto Federal de Educa\u00e7\u00e3o, Ci\u00eancia e Tecnologia da Para\u00edba (IFPB) abriu inscri\u00e7\u00f5es para sele\u00e7\u00e3o de professor substituto nas \u00e1reas de Letras, Eventos, Matem\u00e1tica, Probabilidade&hellip; <\/p>\n","protected":false},"author":2,"featured_media":41431,"comment_status":"closed","ping_status":"closed","sticky":false,"template":"","format":"standard","meta":{"sfsi_plus_gutenberg_text_before_share":"","sfsi_plus_gutenberg_show_text_before_share":"","sfsi_plus_gutenberg_icon_type":"","sfsi_plus_gutenberg_icon_alignemt":"","sfsi_plus_gutenburg_max_per_row":"","footnotes":""},"categories":[14],"tags":[],"class_list":["post-41430","post","type-post","status-publish","format-standard","has-post-thumbnail","hentry","category-educacao"],"_links":{"self":[{"href":"https:\/\/www.caririemacao.com\/1\/wp-json\/wp\/v2\/posts\/41430","targetHints":{"allow":["GET"]}}],"collection":[{"href":"https:\/\/www.caririemacao.com\/1\/wp-json\/wp\/v2\/posts"}],"about":[{"href":"https:\/\/www.caririemacao.com\/1\/wp-json\/wp\/v2\/types\/post"}],"author":[{"embeddable":true,"href":"https:\/\/www.caririemacao.com\/1\/wp-json\/wp\/v2\/users\/2"}],"replies":[{"embeddable":true,"href":"https:\/\/www.caririemacao.com\/1\/wp-json\/wp\/v2\/comments?post=41430"}],"version-history":[{"count":0,"href":"https:\/\/www.caririemacao.com\/1\/wp-json\/wp\/v2\/posts\/41430\/revisions"}],"wp:featuredmedia":[{"embeddable":true,"href":"https:\/\/www.caririemacao.com\/1\/wp-json\/wp\/v2\/media\/41431"}],"wp:attachment":[{"href":"https:\/\/www.caririemacao.com\/1\/wp-json\/wp\/v2\/media?parent=41430"}],"wp:term":[{"taxonomy":"category","embeddable":true,"href":"https:\/\/www.caririemacao.com\/1\/wp-json\/wp\/v2\/categories?post=41430"},{"taxonomy":"post_tag","embeddable":true,"href":"https:\/\/www.caririemacao.com\/1\/wp-json\/wp\/v2\/tags?post=41430"}],"curies":[{"name":"wp","href":"https:\/\/api.w.org\/{rel}","templated":true}]}}