{"id":41571,"date":"2018-02-20T22:15:21","date_gmt":"2018-02-21T01:15:21","guid":{"rendered":"http:\/\/caririemacao.com\/1\/?p=41571"},"modified":"2018-02-20T22:15:21","modified_gmt":"2018-02-21T01:15:21","slug":"prorrogadas-as-inscricoes-para-o-curso-pre-vestibular-solidario-no-cdsa","status":"publish","type":"post","link":"https:\/\/www.caririemacao.com\/1\/2018\/02\/20\/prorrogadas-as-inscricoes-para-o-curso-pre-vestibular-solidario-no-cdsa\/","title":{"rendered":"Prorrogadas as inscri\u00e7\u00f5es para o Curso Pr\u00e9-Vestibular Solid\u00e1rio no CDSA"},"content":{"rendered":"<p>Foram prorrogadas at\u00e9 o dia 28 de fevereiro, as inscri\u00e7\u00f5es para o Curso Pr\u00e9-Vestibular Solid\u00e1rio no Centro de Desenvolvimento Sustent\u00e1vel do Semi\u00e1rido da UFCG, Campus Sum\u00e9. O interessado deve comparecer \u00e0 secretaria da Unidade Acad\u00eamica de Educa\u00e7\u00e3o do Campo, para garantir sua vaga.<\/p>\n<p>Ao todo, ser\u00e3o 60 vagas destinadas aos jovens e adultos da microrregi\u00e3o do Cariri Ocidental, que ser\u00e3o preenchidas por ordem de chegada. Se por acaso o n\u00famero de inscritos chegarem a ultrapassar a quantidade de vagas dispon\u00edveis, ser\u00e1 realizado um sorteio.<\/p>\n<p>Podem se submeter \u00e0s vagas, jovens e adultos que tenham conclu\u00eddo ou est\u00e3o concluindo o Ensino M\u00e9dio em 2018, oriundos de escolas p\u00fablicas, bem como alunos de escolas particulares, caso sejam bolsistas integrais.<\/p>\n<p>Para a inscri\u00e7\u00e3o, os jovens e adultos interessados devem levar os seguintes documentos: Ficha de inscri\u00e7\u00e3o preenchida; Se tiver sido bolsista integral em escola particular, apresentar declara\u00e7\u00e3o da escola de origem; Se for filho de servidor do CDSA ou de professor do PVS, apresentar documento comprobat\u00f3rio; 1 foto 3X4; C\u00f3pia da identidade e do CPF; C\u00f3pia do Hist\u00f3rico do Ensino M\u00e9dio (Para os candidatos que j\u00e1 conclu\u00edram o Ensino M\u00e9dio); Declara\u00e7\u00e3o de Concluinte (Para os candidatos que ir\u00e3o concluir o Ensino M\u00e9dio em 2015) e; Comprovante de resid\u00eancia. N\u00e3o ser\u00e3o aceitas as inscri\u00e7\u00f5es, quando faltar algum desses itens.<\/p>\n<p><strong>CARIRI EM A\u00c7\u00c3O<\/strong><\/p>\n<p>Com Vitrine do Cariri\/Foto Reprodu\u00e7\u00e3o google<\/p>\n<p>Leia mais not\u00edcias em\u00a0<a href=\"http:\/\/www.caririemacao.com\/\">caririemacao.com<\/a>, siga nossa p\u00e1gina no\u00a0<a href=\"https:\/\/www.facebook.com\/CaririEmAcao\/?ref=aymt_homepage_panel\">Facebook<\/a>,\u00a0<a href=\"https:\/\/www.instagram.com\/cariri_em_acao\/?hl=pt-br\">Instagram<\/a>\u00a0e\u00a0<a href=\"https:\/\/www.youtube.com\/channel\/UCAptA0jQuYQy8vMhLt2m4qg\">Youtube<\/a>\u00a0e veja nossas mat\u00e9rias, v\u00eddeos e fotos. Voc\u00ea tamb\u00e9m pode enviar informa\u00e7\u00f5es \u00e0 Reda\u00e7\u00e3o do Portal Cariri em A\u00e7\u00e3o pelo WhatsApp (83) 9 9634.5791, (83) 9 9601-1162.<\/p>\n","protected":false},"excerpt":{"rendered":"<p>Foram prorrogadas at\u00e9 o dia 28 de fevereiro, as inscri\u00e7\u00f5es para o Curso Pr\u00e9-Vestibular Solid\u00e1rio no Centro de Desenvolvimento Sustent\u00e1vel do Semi\u00e1rido da UFCG, Campus&hellip; <\/p>\n","protected":false},"author":2,"featured_media":13207,"comment_status":"closed","ping_status":"closed","sticky":false,"template":"","format":"standard","meta":{"sfsi_plus_gutenberg_text_before_share":"","sfsi_plus_gutenberg_show_text_before_share":"","sfsi_plus_gutenberg_icon_type":"","sfsi_plus_gutenberg_icon_alignemt":"","sfsi_plus_gutenburg_max_per_row":"","footnotes":""},"categories":[14],"tags":[],"class_list":["post-41571","post","type-post","status-publish","format-standard","has-post-thumbnail","hentry","category-educacao"],"_links":{"self":[{"href":"https:\/\/www.caririemacao.com\/1\/wp-json\/wp\/v2\/posts\/41571","targetHints":{"allow":["GET"]}}],"collection":[{"href":"https:\/\/www.caririemacao.com\/1\/wp-json\/wp\/v2\/posts"}],"about":[{"href":"https:\/\/www.caririemacao.com\/1\/wp-json\/wp\/v2\/types\/post"}],"author":[{"embeddable":true,"href":"https:\/\/www.caririemacao.com\/1\/wp-json\/wp\/v2\/users\/2"}],"replies":[{"embeddable":true,"href":"https:\/\/www.caririemacao.com\/1\/wp-json\/wp\/v2\/comments?post=41571"}],"version-history":[{"count":0,"href":"https:\/\/www.caririemacao.com\/1\/wp-json\/wp\/v2\/posts\/41571\/revisions"}],"wp:featuredmedia":[{"embeddable":true,"href":"https:\/\/www.caririemacao.com\/1\/wp-json\/wp\/v2\/media\/13207"}],"wp:attachment":[{"href":"https:\/\/www.caririemacao.com\/1\/wp-json\/wp\/v2\/media?parent=41571"}],"wp:term":[{"taxonomy":"category","embeddable":true,"href":"https:\/\/www.caririemacao.com\/1\/wp-json\/wp\/v2\/categories?post=41571"},{"taxonomy":"post_tag","embeddable":true,"href":"https:\/\/www.caririemacao.com\/1\/wp-json\/wp\/v2\/tags?post=41571"}],"curies":[{"name":"wp","href":"https:\/\/api.w.org\/{rel}","templated":true}]}}