{"id":41587,"date":"2018-02-20T22:55:48","date_gmt":"2018-02-21T01:55:48","guid":{"rendered":"http:\/\/caririemacao.com\/1\/?p=41587"},"modified":"2018-02-20T22:55:48","modified_gmt":"2018-02-21T01:55:48","slug":"governo-municipal-discute-com-universitarios-da-ufcg-sume-sobre-o-convenio-dos-estagios","status":"publish","type":"post","link":"https:\/\/www.caririemacao.com\/1\/2018\/02\/20\/governo-municipal-discute-com-universitarios-da-ufcg-sume-sobre-o-convenio-dos-estagios\/","title":{"rendered":"Governo Municipal discute com universit\u00e1rios da UFCG Sum\u00e9 sobre o conv\u00eanio dos est\u00e1gios"},"content":{"rendered":"<p>O chefe de gabinete da Prefeitura de Sum\u00e9, Jeandro Rafael, esteve na manh\u00e3 desta ter\u00e7a-feira, dia 20, em reuni\u00e3o com alunos representantes dos Centros Acad\u00eamicos da UFCG de Sum\u00e9.<\/p>\n<p>A reuni\u00e3o serviu para tratar e tirar algumas d\u00favidas acerca do conv\u00eanio de est\u00e1gio que est\u00e1 para ser celebrado com o CDSA\/UFCG, beneficiando assim, os alunos das universidades p\u00fablicas, a exemplo, da pr\u00f3pria UFCG de Sum\u00e9.<\/p>\n<p><a href=\"http:\/\/caririemacao.com\/1\/wp-content\/uploads\/2018\/02\/WhatsApp-Image-2018-02-20-at-22.36.43-1.jpeg\"><img fetchpriority=\"high\" decoding=\"async\" class=\"aligncenter size-full wp-image-41580\" src=\"http:\/\/caririemacao.com\/1\/wp-content\/uploads\/2018\/02\/WhatsApp-Image-2018-02-20-at-22.36.43-1.jpeg\" alt=\"\" width=\"800\" height=\"600\" srcset=\"https:\/\/www.caririemacao.com\/1\/wp-content\/uploads\/2018\/02\/WhatsApp-Image-2018-02-20-at-22.36.43-1.jpeg 800w, https:\/\/www.caririemacao.com\/1\/wp-content\/uploads\/2018\/02\/WhatsApp-Image-2018-02-20-at-22.36.43-1-300x225.jpeg 300w, https:\/\/www.caririemacao.com\/1\/wp-content\/uploads\/2018\/02\/WhatsApp-Image-2018-02-20-at-22.36.43-1-768x576.jpeg 768w\" sizes=\"(max-width: 800px) 100vw, 800px\" \/><\/a><\/p>\n<p>Na pauta, Jeandro falou aos representantes dos alunos do interesse que Prefeitura de Sum\u00e9 tem em celebrar imediatamente o conv\u00eanio com a UFCG. Ele disse que a minuta do conv\u00eanio j\u00e1 foi enviada ao diretor do CDSA\/UFCG, desde o dia 20 de outubro de 2017, h\u00e1 exatamente 4 meses.<\/p>\n<p><a href=\"http:\/\/caririemacao.com\/1\/wp-content\/uploads\/2018\/02\/WhatsApp-Image-2018-02-20-at-22.36.43.jpeg\"><img decoding=\"async\" class=\"aligncenter size-full wp-image-41581 lazyload\" data-src=\"http:\/\/caririemacao.com\/1\/wp-content\/uploads\/2018\/02\/WhatsApp-Image-2018-02-20-at-22.36.43.jpeg\" alt=\"\" width=\"800\" height=\"600\" data-srcset=\"https:\/\/www.caririemacao.com\/1\/wp-content\/uploads\/2018\/02\/WhatsApp-Image-2018-02-20-at-22.36.43.jpeg 800w, https:\/\/www.caririemacao.com\/1\/wp-content\/uploads\/2018\/02\/WhatsApp-Image-2018-02-20-at-22.36.43-300x225.jpeg 300w, https:\/\/www.caririemacao.com\/1\/wp-content\/uploads\/2018\/02\/WhatsApp-Image-2018-02-20-at-22.36.43-768x576.jpeg 768w\" data-sizes=\"(max-width: 800px) 100vw, 800px\" src=\"data:image\/svg+xml;base64,PHN2ZyB3aWR0aD0iMSIgaGVpZ2h0PSIxIiB4bWxucz0iaHR0cDovL3d3dy53My5vcmcvMjAwMC9zdmciPjwvc3ZnPg==\" style=\"--smush-placeholder-width: 800px; --smush-placeholder-aspect-ratio: 800\/600;\" \/><\/a><\/p>\n<p>Jeandro disse ainda que no of\u00edcio enviado a UFCG detalha o que disp\u00f5e a lei de est\u00e1gio aprovada e sancionada no ano passado e que a Prefeitura aguarda com ansiedade firmar o conv\u00eanio com a institui\u00e7\u00e3o de ensino superior, j\u00e1 que dezenas de alunos aguardam a celebra\u00e7\u00e3o deste conv\u00eanio para iniciar seus est\u00e1gios nas reparti\u00e7\u00f5es do \u00f3rg\u00e3o municipal.<\/p>\n<p>&#8220;\u00c9 de total interesse da Prefeitura de Sum\u00e9 continuar com o conv\u00eanio, j\u00e1 que os alunos do CDSA v\u00eam dando uma grande contribui\u00e7\u00e3o para a Gest\u00e3o Municipal, trazendo seus conhecimentos e aplicando-os no dia a dia das a\u00e7\u00f5es do governo, mas para ter os alunos conosco, fazendo seus est\u00e1gios, precisamos que a UFCG fa\u00e7a sua parte e celebre o conv\u00eanio&#8221;, explicou.<\/p>\n<p>Na reuni\u00e3o, a representante do CA de Ci\u00eancias Sociais, Ariane Alves, disse que o munic\u00edpio faz correto trazer o tema para ser debatido com a classe estudantil universit\u00e1ria, a mais afetada com a demora da assinatura deste conv\u00eanio.<\/p>\n<p>J\u00e1 o aluno do curso de Agroecologia, Maicon Miguel Vieira da Silva, parabenizou e elogiou a atitude do governo municipal. Ele disse que outras pautas, que envolvam temas municipais como o est\u00e1gio na Prefeitura, devem ser debatidas da mesma forma que foi a da reuni\u00e3o desta ter\u00e7a-feira.<\/p>\n<p><strong>CARIRI EM A\u00c7\u00c3O<\/strong><\/p>\n<p>Leia mais not\u00edcias em\u00a0<a href=\"http:\/\/www.caririemacao.com\/\">caririemacao.com<\/a>, siga nossa p\u00e1gina no\u00a0<a href=\"https:\/\/www.facebook.com\/CaririEmAcao\/?ref=aymt_homepage_panel\">Facebook<\/a>,\u00a0<a href=\"https:\/\/www.instagram.com\/cariri_em_acao\/?hl=pt-br\">Instagram<\/a>\u00a0e\u00a0<a href=\"https:\/\/www.youtube.com\/channel\/UCAptA0jQuYQy8vMhLt2m4qg\">Youtube<\/a>\u00a0e veja nossas mat\u00e9rias, v\u00eddeos e fotos. Voc\u00ea tamb\u00e9m pode enviar informa\u00e7\u00f5es \u00e0 Reda\u00e7\u00e3o do Portal Cariri em A\u00e7\u00e3o pelo WhatsApp (83) 9 9634.5791, (83) 9 9601-1162.<\/p>\n","protected":false},"excerpt":{"rendered":"<p>O chefe de gabinete da Prefeitura de Sum\u00e9, Jeandro Rafael, esteve na manh\u00e3 desta ter\u00e7a-feira, dia 20, em reuni\u00e3o com alunos representantes dos Centros Acad\u00eamicos&hellip; <\/p>\n","protected":false},"author":2,"featured_media":41582,"comment_status":"closed","ping_status":"closed","sticky":false,"template":"","format":"standard","meta":{"sfsi_plus_gutenberg_text_before_share":"","sfsi_plus_gutenberg_show_text_before_share":"","sfsi_plus_gutenberg_icon_type":"","sfsi_plus_gutenberg_icon_alignemt":"","sfsi_plus_gutenburg_max_per_row":"","footnotes":""},"categories":[2],"tags":[],"class_list":["post-41587","post","type-post","status-publish","format-standard","has-post-thumbnail","hentry","category-geral"],"_links":{"self":[{"href":"https:\/\/www.caririemacao.com\/1\/wp-json\/wp\/v2\/posts\/41587","targetHints":{"allow":["GET"]}}],"collection":[{"href":"https:\/\/www.caririemacao.com\/1\/wp-json\/wp\/v2\/posts"}],"about":[{"href":"https:\/\/www.caririemacao.com\/1\/wp-json\/wp\/v2\/types\/post"}],"author":[{"embeddable":true,"href":"https:\/\/www.caririemacao.com\/1\/wp-json\/wp\/v2\/users\/2"}],"replies":[{"embeddable":true,"href":"https:\/\/www.caririemacao.com\/1\/wp-json\/wp\/v2\/comments?post=41587"}],"version-history":[{"count":0,"href":"https:\/\/www.caririemacao.com\/1\/wp-json\/wp\/v2\/posts\/41587\/revisions"}],"wp:featuredmedia":[{"embeddable":true,"href":"https:\/\/www.caririemacao.com\/1\/wp-json\/wp\/v2\/media\/41582"}],"wp:attachment":[{"href":"https:\/\/www.caririemacao.com\/1\/wp-json\/wp\/v2\/media?parent=41587"}],"wp:term":[{"taxonomy":"category","embeddable":true,"href":"https:\/\/www.caririemacao.com\/1\/wp-json\/wp\/v2\/categories?post=41587"},{"taxonomy":"post_tag","embeddable":true,"href":"https:\/\/www.caririemacao.com\/1\/wp-json\/wp\/v2\/tags?post=41587"}],"curies":[{"name":"wp","href":"https:\/\/api.w.org\/{rel}","templated":true}]}}