{"id":41589,"date":"2018-02-21T06:35:03","date_gmt":"2018-02-21T09:35:03","guid":{"rendered":"http:\/\/caririemacao.com\/1\/?p=41589"},"modified":"2018-02-21T09:32:48","modified_gmt":"2018-02-21T12:32:48","slug":"prefeitura-de-ouro-velho-inicia-ano-letivo-entregando-material-e-reforma-de-escola","status":"publish","type":"post","link":"https:\/\/www.caririemacao.com\/1\/2018\/02\/21\/prefeitura-de-ouro-velho-inicia-ano-letivo-entregando-material-e-reforma-de-escola\/","title":{"rendered":"Prefeitura de Ouro Velho inicia ano letivo entregando material e reforma de escola"},"content":{"rendered":"<p>A Prefeitura Municipal de Ouro Velho, atrav\u00e9s da Secretaria de Educa\u00e7\u00e3o, iniciou nesta ter\u00e7a-feira, dia 20, o ano letivo da Rede Municipal de Ensino.<\/p>\n<p>Na ocasi\u00e3o, o vice-prefeito, Fl\u00e1vio Henrique, juntamente com a equipe de educa\u00e7\u00e3o do munic\u00edpio, deu in\u00edcio oficialmente as atividades. Durante a cerim\u00f4nia, foram entregues material escolar a todos os alunos e a reforma da Escola Municipal Jacinto Dantas.<\/p>\n<p>Ainda no evento, a gestora do Programa Bolsa Fam\u00edlia, Luciana Neves, esteve falando com os pais dos alunos sobre a import\u00e2ncia da frequ\u00eancia escolar e o acompanhamento deles na vida escolar de cada filho.<\/p>\n<p>O vice-prefeito aproveitou para parabenizar toda a equipe de educa\u00e7\u00e3o de Ouro Velho e a prefeita Nat\u00e1lia que n\u00e3o medem esfor\u00e7os para ofertar o melhor para os alunos. \u201cQue Deus venha aben\u00e7oar a essa equipe cada vez mais, Avante\u201d, finalizou.<\/p>\n<p><strong>CARIRI EM A\u00c7\u00c3O<\/strong><\/p>\n<p><strong>Leia mais not\u00edcias em\u00a0<\/strong><a href=\"http:\/\/www.caririemacao.com\/\"><strong>caririemacao.com<\/strong><\/a><strong>, siga nossa p\u00e1gina no\u00a0<\/strong><a href=\"https:\/\/www.facebook.com\/CaririEmAcao\/?ref=aymt_homepage_panel\"><strong>Facebook<\/strong><\/a>,<strong>\u00a0<\/strong><a href=\"https:\/\/www.instagram.com\/cariri_em_acao\/?hl=pt-br\"><strong>Instagram<\/strong><\/a><strong>\u00a0e\u00a0<\/strong><a href=\"https:\/\/www.youtube.com\/channel\/UCAptA0jQuYQy8vMhLt2m4qg\"><strong>Youtube<\/strong><\/a><strong>\u00a0e veja nossas mat\u00e9rias, v\u00eddeos e fotos. Voc\u00ea tamb\u00e9m pode enviar informa\u00e7\u00f5es \u00e0 Reda\u00e7\u00e3o do Portal Cariri em A\u00e7\u00e3o pelo WhatsApp (83) 9 9634.5791, (83) 9 9601-1162.<\/strong><\/p>\n","protected":false},"excerpt":{"rendered":"<p>A Prefeitura Municipal de Ouro Velho, atrav\u00e9s da Secretaria de Educa\u00e7\u00e3o, iniciou nesta ter\u00e7a-feira, dia 20, o ano letivo da Rede Municipal de Ensino. Na&hellip; <\/p>\n","protected":false},"author":2,"featured_media":41590,"comment_status":"closed","ping_status":"closed","sticky":false,"template":"","format":"standard","meta":{"sfsi_plus_gutenberg_text_before_share":"","sfsi_plus_gutenberg_show_text_before_share":"","sfsi_plus_gutenberg_icon_type":"","sfsi_plus_gutenberg_icon_alignemt":"","sfsi_plus_gutenburg_max_per_row":"","footnotes":""},"categories":[6],"tags":[],"class_list":["post-41589","post","type-post","status-publish","format-standard","has-post-thumbnail","hentry","category-cidades"],"_links":{"self":[{"href":"https:\/\/www.caririemacao.com\/1\/wp-json\/wp\/v2\/posts\/41589","targetHints":{"allow":["GET"]}}],"collection":[{"href":"https:\/\/www.caririemacao.com\/1\/wp-json\/wp\/v2\/posts"}],"about":[{"href":"https:\/\/www.caririemacao.com\/1\/wp-json\/wp\/v2\/types\/post"}],"author":[{"embeddable":true,"href":"https:\/\/www.caririemacao.com\/1\/wp-json\/wp\/v2\/users\/2"}],"replies":[{"embeddable":true,"href":"https:\/\/www.caririemacao.com\/1\/wp-json\/wp\/v2\/comments?post=41589"}],"version-history":[{"count":0,"href":"https:\/\/www.caririemacao.com\/1\/wp-json\/wp\/v2\/posts\/41589\/revisions"}],"wp:featuredmedia":[{"embeddable":true,"href":"https:\/\/www.caririemacao.com\/1\/wp-json\/wp\/v2\/media\/41590"}],"wp:attachment":[{"href":"https:\/\/www.caririemacao.com\/1\/wp-json\/wp\/v2\/media?parent=41589"}],"wp:term":[{"taxonomy":"category","embeddable":true,"href":"https:\/\/www.caririemacao.com\/1\/wp-json\/wp\/v2\/categories?post=41589"},{"taxonomy":"post_tag","embeddable":true,"href":"https:\/\/www.caririemacao.com\/1\/wp-json\/wp\/v2\/tags?post=41589"}],"curies":[{"name":"wp","href":"https:\/\/api.w.org\/{rel}","templated":true}]}}