{"id":41599,"date":"2018-02-21T07:13:46","date_gmt":"2018-02-21T10:13:46","guid":{"rendered":"http:\/\/caririemacao.com\/1\/?p=41599"},"modified":"2018-02-21T07:13:46","modified_gmt":"2018-02-21T10:13:46","slug":"estudante-e-preso-dentro-escola-de-joao-pessoa-portando-replica-de-uma-pistola","status":"publish","type":"post","link":"https:\/\/www.caririemacao.com\/1\/2018\/02\/21\/estudante-e-preso-dentro-escola-de-joao-pessoa-portando-replica-de-uma-pistola\/","title":{"rendered":"Estudante \u00e9 preso dentro escola de Jo\u00e3o Pessoa portando r\u00e9plica de uma pistola"},"content":{"rendered":"<p>Um estudante foi preso em flagrante na tarde desta ter\u00e7a-feira (20)\u00a0 dentro de uma escola e portando uma r\u00e9plica de pistola.<\/p>\n<p>O fato aconteceu na Escola Estadual Virg\u00ednio da Gama e Melo no conjunto Mangabeira, em Jo\u00e3o Pessoa.<\/p>\n<p>A pris\u00e3o foi realizada depois que outros estudantes do col\u00e9gio ligaram para a pol\u00edcia denunciando que o aluno estava armado.<\/p>\n<p>Marlon Nascimento com 19 anos recebeu voz de pris\u00e3o e conduzindo para a Central de Pol\u00edcia.<\/p>\n<p><strong>CARIRI EM A\u00c7\u00c3O<\/strong><\/p>\n<p><em>Com PB Hoje\/Foto Reprodu\u00e7\u00e3o google<\/em><\/p>\n<p><strong>Leia mais not\u00edcias em\u00a0<\/strong><a href=\"http:\/\/www.caririemacao.com\/\"><strong>caririemacao.com<\/strong><\/a><strong>, siga nossa p\u00e1gina no\u00a0<\/strong><a href=\"https:\/\/www.facebook.com\/CaririEmAcao\/?ref=aymt_homepage_panel\"><strong>Facebook<\/strong><\/a>,<strong>\u00a0<\/strong><a href=\"https:\/\/www.instagram.com\/cariri_em_acao\/?hl=pt-br\"><strong>Instagram<\/strong><\/a><strong>\u00a0e\u00a0<\/strong><a href=\"https:\/\/www.youtube.com\/channel\/UCAptA0jQuYQy8vMhLt2m4qg\"><strong>Youtube<\/strong><\/a><strong>\u00a0e veja nossas mat\u00e9rias, v\u00eddeos e fotos. Voc\u00ea tamb\u00e9m pode enviar informa\u00e7\u00f5es \u00e0 Reda\u00e7\u00e3o do Portal Cariri em A\u00e7\u00e3o pelo WhatsApp (83) 9 9634.5791, (83) 9 9601-1162.<\/strong><\/p>\n","protected":false},"excerpt":{"rendered":"<p>Um estudante foi preso em flagrante na tarde desta ter\u00e7a-feira (20)\u00a0 dentro de uma escola e portando uma r\u00e9plica de pistola. O fato aconteceu na&hellip; <\/p>\n","protected":false},"author":2,"featured_media":41600,"comment_status":"closed","ping_status":"closed","sticky":false,"template":"","format":"standard","meta":{"sfsi_plus_gutenberg_text_before_share":"","sfsi_plus_gutenberg_show_text_before_share":"","sfsi_plus_gutenberg_icon_type":"","sfsi_plus_gutenberg_icon_alignemt":"","sfsi_plus_gutenburg_max_per_row":"","footnotes":""},"categories":[12],"tags":[],"class_list":["post-41599","post","type-post","status-publish","format-standard","has-post-thumbnail","hentry","category-policia"],"_links":{"self":[{"href":"https:\/\/www.caririemacao.com\/1\/wp-json\/wp\/v2\/posts\/41599","targetHints":{"allow":["GET"]}}],"collection":[{"href":"https:\/\/www.caririemacao.com\/1\/wp-json\/wp\/v2\/posts"}],"about":[{"href":"https:\/\/www.caririemacao.com\/1\/wp-json\/wp\/v2\/types\/post"}],"author":[{"embeddable":true,"href":"https:\/\/www.caririemacao.com\/1\/wp-json\/wp\/v2\/users\/2"}],"replies":[{"embeddable":true,"href":"https:\/\/www.caririemacao.com\/1\/wp-json\/wp\/v2\/comments?post=41599"}],"version-history":[{"count":0,"href":"https:\/\/www.caririemacao.com\/1\/wp-json\/wp\/v2\/posts\/41599\/revisions"}],"wp:featuredmedia":[{"embeddable":true,"href":"https:\/\/www.caririemacao.com\/1\/wp-json\/wp\/v2\/media\/41600"}],"wp:attachment":[{"href":"https:\/\/www.caririemacao.com\/1\/wp-json\/wp\/v2\/media?parent=41599"}],"wp:term":[{"taxonomy":"category","embeddable":true,"href":"https:\/\/www.caririemacao.com\/1\/wp-json\/wp\/v2\/categories?post=41599"},{"taxonomy":"post_tag","embeddable":true,"href":"https:\/\/www.caririemacao.com\/1\/wp-json\/wp\/v2\/tags?post=41599"}],"curies":[{"name":"wp","href":"https:\/\/api.w.org\/{rel}","templated":true}]}}