{"id":41606,"date":"2018-02-21T07:24:27","date_gmt":"2018-02-21T10:24:27","guid":{"rendered":"http:\/\/caririemacao.com\/1\/?p=41606"},"modified":"2018-02-21T07:24:27","modified_gmt":"2018-02-21T10:24:27","slug":"apos-adiamento-pt-lanca-pre-candidatura-de-lula-nesta-quarta-feira","status":"publish","type":"post","link":"https:\/\/www.caririemacao.com\/1\/2018\/02\/21\/apos-adiamento-pt-lanca-pre-candidatura-de-lula-nesta-quarta-feira\/","title":{"rendered":"Ap\u00f3s adiamento, PT lan\u00e7a pr\u00e9-candidatura de Lula nesta quarta-feira"},"content":{"rendered":"<p><span class=\"news_capital_letter\">O\u00a0<\/span>ex-presidente Luiz In\u00e1cio Lula da Silva viaja nesta quarta-feira (21) para Minas Gerais, onde sua pr\u00e9-candidatura \u00e0 presid\u00eancia da Rep\u00fablica ser\u00e1 lan\u00e7ada, em evento no Expominas, em Belo Horizonte, marcado para as 19h.<\/p>\n<p>Lula iniciar\u00e1 a viagem pela cidade de Itatiaiu\u00e7u.\u00a0L\u00e1, visitar\u00e1 um acampamento do MST (Movimento dos Trabalhadores Rurais Sem Terra), \u00e0s 9h.<\/p>\n<p>Inicialmente, o lan\u00e7amento da candidatura ocorreria no dia 7 de fevereiro, mas a dire\u00e7\u00e3o do PT resolveu adiar o ato para esta quarta. Segundo dirigentes do partido, o per\u00edodo pr\u00e9-carnaval dificultou a mobiliza\u00e7\u00e3o de militantes para o ato.<\/p>\n<p>Pensado para ser um evento menor, de acordo com a organiza\u00e7\u00e3o, o lan\u00e7amento da pr\u00e9-candidatura extrapolou os planos iniciais, o que exigiu mais tempo para organiza\u00e7\u00e3o e log\u00edstica.<\/p>\n<p>Ainda segundo a legenda, ato havia sido marcado em cima da hora, ap\u00f3s divulga\u00e7\u00e3o de pesquisa Datafolha que mostrou o petista como favorito na corrida ao Planalto, mesmo ap\u00f3s a confirma\u00e7\u00e3o da sua condena\u00e7\u00e3o pelo TRF-4 (Tribunal Regional Federal da 4\u00aa Regi\u00e3o).<\/p>\n<p>Lula lidera o primeiro turno em todos os cen\u00e1rios em que seu nome \u00e9 colocado, com percentuais que variam de 34% a 37%. No segundo turno, venceria Alckmin (49% a 30%) e Marina (47% a 32%), al\u00e9m de Bolsonaro (49% a 32%).<\/p>\n<p>De acordo com nota divulgada pelo PT, o ato em BH deve ser o primeiro entre v\u00e1rios que ocorrer\u00e3o pelo pa\u00eds. Minas Gerais foi escolhido para a estreia porque \u00e9 o Estado mais importante governado por um petista, Fernando Pimentel.<\/p>\n<p><strong>CARIRI EM A\u00c7\u00c3O<\/strong><\/p>\n<div class=\"pf-content\">\n<p><em>Com Pol\u00edtica ao Minuto<\/em><em>\/Foto: Reprodu\u00e7\u00e3o google<\/em><\/p>\n<p><strong>Leia mais not\u00edcias em\u00a0<\/strong><a href=\"http:\/\/www.caririemacao.com\/\"><strong>caririemacao.com<\/strong><\/a><strong>, siga nossa p\u00e1gina no\u00a0<\/strong><a href=\"https:\/\/www.facebook.com\/CaririEmAcao\/?ref=aymt_homepage_panel\"><strong>Facebook<\/strong><\/a>,<strong>\u00a0<\/strong><a href=\"https:\/\/www.instagram.com\/cariri_em_acao\/?hl=pt-br\"><strong>Instagram<\/strong><\/a><strong>\u00a0e\u00a0<\/strong><a href=\"https:\/\/www.youtube.com\/channel\/UCAptA0jQuYQy8vMhLt2m4qg\"><strong>Youtube<\/strong><\/a><strong>\u00a0e veja nossas mat\u00e9rias, v\u00eddeos e fotos. Voc\u00ea tamb\u00e9m pode enviar informa\u00e7\u00f5es \u00e0 Reda\u00e7\u00e3o do Portal Cariri em A\u00e7\u00e3o pelo WhatsApp (83) 9 9634.5791, (83) 9 9601-1162.<\/strong><\/p>\n<\/div>\n","protected":false},"excerpt":{"rendered":"<p>O\u00a0ex-presidente Luiz In\u00e1cio Lula da Silva viaja nesta quarta-feira (21) para Minas Gerais, onde sua pr\u00e9-candidatura \u00e0 presid\u00eancia da Rep\u00fablica ser\u00e1 lan\u00e7ada, em evento no&hellip; <\/p>\n","protected":false},"author":2,"featured_media":41607,"comment_status":"closed","ping_status":"closed","sticky":false,"template":"","format":"standard","meta":{"sfsi_plus_gutenberg_text_before_share":"","sfsi_plus_gutenberg_show_text_before_share":"","sfsi_plus_gutenberg_icon_type":"","sfsi_plus_gutenberg_icon_alignemt":"","sfsi_plus_gutenburg_max_per_row":"","footnotes":""},"categories":[11],"tags":[],"class_list":["post-41606","post","type-post","status-publish","format-standard","has-post-thumbnail","hentry","category-politica"],"_links":{"self":[{"href":"https:\/\/www.caririemacao.com\/1\/wp-json\/wp\/v2\/posts\/41606","targetHints":{"allow":["GET"]}}],"collection":[{"href":"https:\/\/www.caririemacao.com\/1\/wp-json\/wp\/v2\/posts"}],"about":[{"href":"https:\/\/www.caririemacao.com\/1\/wp-json\/wp\/v2\/types\/post"}],"author":[{"embeddable":true,"href":"https:\/\/www.caririemacao.com\/1\/wp-json\/wp\/v2\/users\/2"}],"replies":[{"embeddable":true,"href":"https:\/\/www.caririemacao.com\/1\/wp-json\/wp\/v2\/comments?post=41606"}],"version-history":[{"count":0,"href":"https:\/\/www.caririemacao.com\/1\/wp-json\/wp\/v2\/posts\/41606\/revisions"}],"wp:featuredmedia":[{"embeddable":true,"href":"https:\/\/www.caririemacao.com\/1\/wp-json\/wp\/v2\/media\/41607"}],"wp:attachment":[{"href":"https:\/\/www.caririemacao.com\/1\/wp-json\/wp\/v2\/media?parent=41606"}],"wp:term":[{"taxonomy":"category","embeddable":true,"href":"https:\/\/www.caririemacao.com\/1\/wp-json\/wp\/v2\/categories?post=41606"},{"taxonomy":"post_tag","embeddable":true,"href":"https:\/\/www.caririemacao.com\/1\/wp-json\/wp\/v2\/tags?post=41606"}],"curies":[{"name":"wp","href":"https:\/\/api.w.org\/{rel}","templated":true}]}}