{"id":41609,"date":"2018-02-21T07:26:44","date_gmt":"2018-02-21T10:26:44","guid":{"rendered":"http:\/\/caririemacao.com\/1\/?p=41609"},"modified":"2018-02-21T07:26:44","modified_gmt":"2018-02-21T10:26:44","slug":"ciro-e-haddad-tem-primeiro-encontro-oficial-apos-condenacao-de-lula","status":"publish","type":"post","link":"https:\/\/www.caririemacao.com\/1\/2018\/02\/21\/ciro-e-haddad-tem-primeiro-encontro-oficial-apos-condenacao-de-lula\/","title":{"rendered":"Ciro e Haddad t\u00eam primeiro encontro oficial ap\u00f3s condena\u00e7\u00e3o de Lula"},"content":{"rendered":"<p>Presidenci\u00e1vel pelo PDT, Ciro Gomes j\u00e1 disse que em sua chapa dos sonhos teria o ex-prefeito de S\u00e3o Paulo Fernando Haddad (PT) como vice. Nessa ter\u00e7a-feira (20), segundo o jornal Folha de S. Paulo, os dois jantaram juntos na capital paulista\u00a0&#8211; foi o primeiro encontro entre eles desde a condena\u00e7\u00e3o de Lula.<\/p>\n<p>A composi\u00e7\u00e3o da chapa &#8220;dream team&#8221; de Ciro, no entanto, talvez n\u00e3o saia do campo das inten\u00e7\u00f5es. Afinal, o PT segue firme na batalha para ter Lula candidato e no discurso de n\u00e3o ter um plano B. Al\u00e9m disso, Ciro tem sido um cr\u00edtico \u00e1cido do ex-presidente nos \u00faltimos meses, comportamento que vem desagradando os petistas.<\/p>\n<p><strong>CARIRI EM A\u00c7\u00c3O<\/strong><\/p>\n<div class=\"pf-content\">\n<p><em>Com Pol\u00edtica ao Minuto<\/em><em>\/Foto: Reprodu\u00e7\u00e3o google<\/em><\/p>\n<p><strong>Leia mais not\u00edcias em\u00a0<\/strong><a href=\"http:\/\/www.caririemacao.com\/\"><strong>caririemacao.com<\/strong><\/a><strong>, siga nossa p\u00e1gina no\u00a0<\/strong><a href=\"https:\/\/www.facebook.com\/CaririEmAcao\/?ref=aymt_homepage_panel\"><strong>Facebook<\/strong><\/a>,<strong>\u00a0<\/strong><a href=\"https:\/\/www.instagram.com\/cariri_em_acao\/?hl=pt-br\"><strong>Instagram<\/strong><\/a><strong>\u00a0e\u00a0<\/strong><a href=\"https:\/\/www.youtube.com\/channel\/UCAptA0jQuYQy8vMhLt2m4qg\"><strong>Youtube<\/strong><\/a><strong>\u00a0e veja nossas mat\u00e9rias, v\u00eddeos e fotos. Voc\u00ea tamb\u00e9m pode enviar informa\u00e7\u00f5es \u00e0 Reda\u00e7\u00e3o do Portal Cariri em A\u00e7\u00e3o pelo WhatsApp (83) 9 9634.5791, (83) 9 9601-1162.<\/strong><\/p>\n<\/div>\n","protected":false},"excerpt":{"rendered":"<p>Presidenci\u00e1vel pelo PDT, Ciro Gomes j\u00e1 disse que em sua chapa dos sonhos teria o ex-prefeito de S\u00e3o Paulo Fernando Haddad (PT) como vice. Nessa&hellip; <\/p>\n","protected":false},"author":2,"featured_media":18653,"comment_status":"closed","ping_status":"closed","sticky":false,"template":"","format":"standard","meta":{"sfsi_plus_gutenberg_text_before_share":"","sfsi_plus_gutenberg_show_text_before_share":"","sfsi_plus_gutenberg_icon_type":"","sfsi_plus_gutenberg_icon_alignemt":"","sfsi_plus_gutenburg_max_per_row":"","footnotes":""},"categories":[11],"tags":[],"class_list":["post-41609","post","type-post","status-publish","format-standard","has-post-thumbnail","hentry","category-politica"],"_links":{"self":[{"href":"https:\/\/www.caririemacao.com\/1\/wp-json\/wp\/v2\/posts\/41609","targetHints":{"allow":["GET"]}}],"collection":[{"href":"https:\/\/www.caririemacao.com\/1\/wp-json\/wp\/v2\/posts"}],"about":[{"href":"https:\/\/www.caririemacao.com\/1\/wp-json\/wp\/v2\/types\/post"}],"author":[{"embeddable":true,"href":"https:\/\/www.caririemacao.com\/1\/wp-json\/wp\/v2\/users\/2"}],"replies":[{"embeddable":true,"href":"https:\/\/www.caririemacao.com\/1\/wp-json\/wp\/v2\/comments?post=41609"}],"version-history":[{"count":0,"href":"https:\/\/www.caririemacao.com\/1\/wp-json\/wp\/v2\/posts\/41609\/revisions"}],"wp:featuredmedia":[{"embeddable":true,"href":"https:\/\/www.caririemacao.com\/1\/wp-json\/wp\/v2\/media\/18653"}],"wp:attachment":[{"href":"https:\/\/www.caririemacao.com\/1\/wp-json\/wp\/v2\/media?parent=41609"}],"wp:term":[{"taxonomy":"category","embeddable":true,"href":"https:\/\/www.caririemacao.com\/1\/wp-json\/wp\/v2\/categories?post=41609"},{"taxonomy":"post_tag","embeddable":true,"href":"https:\/\/www.caririemacao.com\/1\/wp-json\/wp\/v2\/tags?post=41609"}],"curies":[{"name":"wp","href":"https:\/\/api.w.org\/{rel}","templated":true}]}}