{"id":41628,"date":"2018-02-21T07:49:01","date_gmt":"2018-02-21T10:49:01","guid":{"rendered":"http:\/\/caririemacao.com\/1\/?p=41628"},"modified":"2018-02-21T07:49:01","modified_gmt":"2018-02-21T10:49:01","slug":"ex-vereador-de-sousa-e-preso-por-peculato","status":"publish","type":"post","link":"https:\/\/www.caririemacao.com\/1\/2018\/02\/21\/ex-vereador-de-sousa-e-preso-por-peculato\/","title":{"rendered":"Ex-vereador de Sousa \u00e9 preso por peculato"},"content":{"rendered":"<p>O ex-vereador de Sousa, Nedimar de Paiva Gadelha, foi preso na tarde desta ter\u00e7a-feira (20) no momento em que se deslocava para Cajazeiras, tamb\u00e9m no Sert\u00e3o, pela BR-230. Nedimar foi detido por policiais militares e encaminhado para a Delegacia da Cidade.<\/p>\n<p>A\u00a0Pol\u00edcia Militar informou que o ex-parlamentar estava com um mandado de pris\u00e3o em aberto pelo crime de peculato. Segundo as investiga\u00e7\u00f5es, Nedimar teria praticado o crime em 2013, ainda quando estava no exerc\u00edcio do mandato.<\/p>\n<p>\u00c9 enquadrado no crime de peculato o agente p\u00fablico que apropria-se de dinheiro, valor ou outro qualquer bem m\u00f3vel particular, ou desvi\u00e1-lo em proveito pr\u00f3prio ou alheio.<\/p>\n<p><strong>CARIRI EM A\u00c7\u00c3O<\/strong><\/p>\n<div class=\"pf-content\">\n<p><em>Com Mais PB<\/em><em>\/Foto: Reprodu\u00e7\u00e3o google<\/em><\/p>\n<p><strong>Leia mais not\u00edcias em\u00a0<\/strong><a href=\"http:\/\/www.caririemacao.com\/\"><strong>caririemacao.com<\/strong><\/a><strong>, siga nossa p\u00e1gina no\u00a0<\/strong><a href=\"https:\/\/www.facebook.com\/CaririEmAcao\/?ref=aymt_homepage_panel\"><strong>Facebook<\/strong><\/a>,<strong>\u00a0<\/strong><a href=\"https:\/\/www.instagram.com\/cariri_em_acao\/?hl=pt-br\"><strong>Instagram<\/strong><\/a><strong>\u00a0e\u00a0<\/strong><a href=\"https:\/\/www.youtube.com\/channel\/UCAptA0jQuYQy8vMhLt2m4qg\"><strong>Youtube<\/strong><\/a><strong>\u00a0e veja nossas mat\u00e9rias, v\u00eddeos e fotos. Voc\u00ea tamb\u00e9m pode enviar informa\u00e7\u00f5es \u00e0 Reda\u00e7\u00e3o do Portal Cariri em A\u00e7\u00e3o pelo WhatsApp (83) 9 9634.5791, (83) 9 9601-1162.<\/strong><\/p>\n<\/div>\n","protected":false},"excerpt":{"rendered":"<p>O ex-vereador de Sousa, Nedimar de Paiva Gadelha, foi preso na tarde desta ter\u00e7a-feira (20) no momento em que se deslocava para Cajazeiras, tamb\u00e9m no&hellip; <\/p>\n","protected":false},"author":2,"featured_media":41629,"comment_status":"closed","ping_status":"closed","sticky":false,"template":"","format":"standard","meta":{"sfsi_plus_gutenberg_text_before_share":"","sfsi_plus_gutenberg_show_text_before_share":"","sfsi_plus_gutenberg_icon_type":"","sfsi_plus_gutenberg_icon_alignemt":"","sfsi_plus_gutenburg_max_per_row":"","footnotes":""},"categories":[11],"tags":[],"class_list":["post-41628","post","type-post","status-publish","format-standard","has-post-thumbnail","hentry","category-politica"],"_links":{"self":[{"href":"https:\/\/www.caririemacao.com\/1\/wp-json\/wp\/v2\/posts\/41628","targetHints":{"allow":["GET"]}}],"collection":[{"href":"https:\/\/www.caririemacao.com\/1\/wp-json\/wp\/v2\/posts"}],"about":[{"href":"https:\/\/www.caririemacao.com\/1\/wp-json\/wp\/v2\/types\/post"}],"author":[{"embeddable":true,"href":"https:\/\/www.caririemacao.com\/1\/wp-json\/wp\/v2\/users\/2"}],"replies":[{"embeddable":true,"href":"https:\/\/www.caririemacao.com\/1\/wp-json\/wp\/v2\/comments?post=41628"}],"version-history":[{"count":0,"href":"https:\/\/www.caririemacao.com\/1\/wp-json\/wp\/v2\/posts\/41628\/revisions"}],"wp:featuredmedia":[{"embeddable":true,"href":"https:\/\/www.caririemacao.com\/1\/wp-json\/wp\/v2\/media\/41629"}],"wp:attachment":[{"href":"https:\/\/www.caririemacao.com\/1\/wp-json\/wp\/v2\/media?parent=41628"}],"wp:term":[{"taxonomy":"category","embeddable":true,"href":"https:\/\/www.caririemacao.com\/1\/wp-json\/wp\/v2\/categories?post=41628"},{"taxonomy":"post_tag","embeddable":true,"href":"https:\/\/www.caririemacao.com\/1\/wp-json\/wp\/v2\/tags?post=41628"}],"curies":[{"name":"wp","href":"https:\/\/api.w.org\/{rel}","templated":true}]}}