{"id":41631,"date":"2018-02-21T07:52:18","date_gmt":"2018-02-21T10:52:18","guid":{"rendered":"http:\/\/caririemacao.com\/1\/?p=41631"},"modified":"2018-02-21T07:52:18","modified_gmt":"2018-02-21T10:52:18","slug":"mec-lancara-edital-para-formacao-de-professores","status":"publish","type":"post","link":"https:\/\/www.caririemacao.com\/1\/2018\/02\/21\/mec-lancara-edital-para-formacao-de-professores\/","title":{"rendered":"MEC lan\u00e7ar\u00e1 edital para forma\u00e7\u00e3o de professores"},"content":{"rendered":"<p>O ministro da Educa\u00e7\u00e3o, Mendon\u00e7a Filho, disse hoje (20) que at\u00e9 in\u00edcio de mar\u00e7o o governo lan\u00e7ar\u00e1 o edital com oferta de vagas para o Programa Institucional de Bolsas de Inicia\u00e7\u00e3o \u00e0 Doc\u00eancia (Pibid) e para o novo programa de resid\u00eancia pedag\u00f3gica, com objetivo de melhorar a qualidade da forma\u00e7\u00e3o inicial de professores.<\/p>\n<p>Mendon\u00e7a deu entrevista ap\u00f3s participar, na capital paulista, da abertura dos debates da Reuni\u00e3o Ministerial Regional Ibero-Americana. Pelo Programa Nacional de Forma\u00e7\u00e3o de Professores, as institui\u00e7\u00f5es formadoras dever\u00e3o estabelecer conv\u00eanios com as redes p\u00fablicas de ensino. O ingresso no est\u00e1gio supervisionado ser\u00e1 feito ao longo da gradua\u00e7\u00e3o, a partir do segundo ano. Os futuros professores ter\u00e3o um acompanhamento peri\u00f3dico.<\/p>\n<p><strong>Pisa<\/strong><\/p>\n<p>Durante a reuni\u00e3o, foram discutidos os resultados da edi\u00e7\u00e3o de 2015 do Programa Internacional de Avalia\u00e7\u00e3o de Estudantes (Pisa) para a elabora\u00e7\u00e3o de pol\u00edticas educacionais. O Brasil teve 44,1% dos estudantes brasileiros abaixo do n\u00edvel de aprendizagem considerado adequado em leitura, matem\u00e1tica e ci\u00eancias.<\/p>\n<p>Para o ministro, apesar do avan\u00e7o na inser\u00e7\u00e3o de jovens e crian\u00e7as dentro das escolas, as taxas de evas\u00e3o elevadas mostram a necessidade de foco no aumento da qualidade. \u201cPrecisamos assegurar qualidade desde a alfabetiza\u00e7\u00e3o, ao longo do ensino fundamental e n\u00edvel m\u00e9dio. Isso vai determinar uma mudan\u00e7a estrutural na perspectiva de futuro para os jovens e crian\u00e7as do Brasil\u201d, disse Mendon\u00e7a.<\/p>\n<p><strong>CARIRI EM A\u00c7\u00c3O<\/strong><\/p>\n<p>Com Mais PB\/Foto\u00a0Mais PB<\/p>\n<p>Leia mais not\u00edcias em\u00a0<a href=\"http:\/\/www.caririemacao.com\/\">caririemacao.com<\/a>, siga nossa p\u00e1gina no\u00a0<a href=\"https:\/\/www.facebook.com\/CaririEmAcao\/?ref=aymt_homepage_panel\">Facebook<\/a>,\u00a0<a href=\"https:\/\/www.instagram.com\/cariri_em_acao\/?hl=pt-br\">Instagram<\/a>\u00a0e\u00a0<a href=\"https:\/\/www.youtube.com\/channel\/UCAptA0jQuYQy8vMhLt2m4qg\">Youtube<\/a>\u00a0e veja nossas mat\u00e9rias, v\u00eddeos e fotos. Voc\u00ea tamb\u00e9m pode enviar informa\u00e7\u00f5es \u00e0 Reda\u00e7\u00e3o do Portal Cariri em A\u00e7\u00e3o pelo WhatsApp (83) 9 9634.5791, (83) 9 9601-1162.<\/p>\n","protected":false},"excerpt":{"rendered":"<p>O ministro da Educa\u00e7\u00e3o, Mendon\u00e7a Filho, disse hoje (20) que at\u00e9 in\u00edcio de mar\u00e7o o governo lan\u00e7ar\u00e1 o edital com oferta de vagas para o&hellip; <\/p>\n","protected":false},"author":2,"featured_media":41632,"comment_status":"closed","ping_status":"closed","sticky":false,"template":"","format":"standard","meta":{"sfsi_plus_gutenberg_text_before_share":"","sfsi_plus_gutenberg_show_text_before_share":"","sfsi_plus_gutenberg_icon_type":"","sfsi_plus_gutenberg_icon_alignemt":"","sfsi_plus_gutenburg_max_per_row":"","footnotes":""},"categories":[14],"tags":[],"class_list":["post-41631","post","type-post","status-publish","format-standard","has-post-thumbnail","hentry","category-educacao"],"_links":{"self":[{"href":"https:\/\/www.caririemacao.com\/1\/wp-json\/wp\/v2\/posts\/41631","targetHints":{"allow":["GET"]}}],"collection":[{"href":"https:\/\/www.caririemacao.com\/1\/wp-json\/wp\/v2\/posts"}],"about":[{"href":"https:\/\/www.caririemacao.com\/1\/wp-json\/wp\/v2\/types\/post"}],"author":[{"embeddable":true,"href":"https:\/\/www.caririemacao.com\/1\/wp-json\/wp\/v2\/users\/2"}],"replies":[{"embeddable":true,"href":"https:\/\/www.caririemacao.com\/1\/wp-json\/wp\/v2\/comments?post=41631"}],"version-history":[{"count":0,"href":"https:\/\/www.caririemacao.com\/1\/wp-json\/wp\/v2\/posts\/41631\/revisions"}],"wp:featuredmedia":[{"embeddable":true,"href":"https:\/\/www.caririemacao.com\/1\/wp-json\/wp\/v2\/media\/41632"}],"wp:attachment":[{"href":"https:\/\/www.caririemacao.com\/1\/wp-json\/wp\/v2\/media?parent=41631"}],"wp:term":[{"taxonomy":"category","embeddable":true,"href":"https:\/\/www.caririemacao.com\/1\/wp-json\/wp\/v2\/categories?post=41631"},{"taxonomy":"post_tag","embeddable":true,"href":"https:\/\/www.caririemacao.com\/1\/wp-json\/wp\/v2\/tags?post=41631"}],"curies":[{"name":"wp","href":"https:\/\/api.w.org\/{rel}","templated":true}]}}