{"id":41634,"date":"2018-02-21T08:12:51","date_gmt":"2018-02-21T11:12:51","guid":{"rendered":"http:\/\/caririemacao.com\/1\/?p=41634"},"modified":"2018-02-21T08:12:51","modified_gmt":"2018-02-21T11:12:51","slug":"senado-aprova-decreto-presidencial-de-intervencao-no-rio-de-janeiro","status":"publish","type":"post","link":"https:\/\/www.caririemacao.com\/1\/2018\/02\/21\/senado-aprova-decreto-presidencial-de-intervencao-no-rio-de-janeiro\/","title":{"rendered":"Senado aprova decreto presidencial de interven\u00e7\u00e3o no Rio de Janeiro"},"content":{"rendered":"<p>O Senado aprovou, por 55 votos a 13 e uma absten\u00e7\u00e3o, o decreto de interven\u00e7\u00e3o federal no Rio de Janeiro para a \u00e1rea da seguran\u00e7a p\u00fablica. Com a aprova\u00e7\u00e3o da medida pelos deputados e, agora, pelos senadores, o governo federal foi autorizado a nomear um interventor no estado devido ao \u201cgrave comprometimento da ordem p\u00fablica\u201d, como solicitado pelo presidente Michel Temer na \u00faltima sexta-feira (16).<\/p>\n<p>A vota\u00e7\u00e3o no Senado durou pouco mais de tr\u00eas horas, a metade do tempo utilizado pela C\u00e2mara para discutir e aprovar o decreto, por 340 votos a 72, na madrugada do dia (20). \u00c9 a primeira vez que a Uni\u00e3o interv\u00e9m em um estado desde 1988.<\/p>\n<p>Durante a sess\u00e3o,\u00a0cinco oradores discursaram favoravelmente ao decreto, e cinco contra. Al\u00e9m de quest\u00f5es de ordem para que a vota\u00e7\u00e3o n\u00e3o ocorresse, a oposi\u00e7\u00e3o solicitou a cria\u00e7\u00e3o de uma comiss\u00e3o externa tempor\u00e1ria para fiscalizar os desdobramentos da interven\u00e7\u00e3o.<\/p>\n<p>Ap\u00f3s a confirma\u00e7\u00e3o dos parlamentares, cabe agora ao presidente do Congresso, Eun\u00edcio Oliveira (MDB-CE), publicar um decreto legislativo referendando o decreto e autorizando a nomea\u00e7\u00e3o do general Walter Braga Netto.<\/p>\n<p><strong>CARIRI EM A\u00c7\u00c3O<\/strong><\/p>\n<p>Com Ag\u00eancia Brasil\/Foto\u00a0Ag\u00eancia Brasil<\/p>\n<p>Leia mais not\u00edcias em\u00a0<a href=\"http:\/\/www.caririemacao.com\/\">caririemacao.com<\/a>, siga nossa p\u00e1gina no\u00a0<a href=\"https:\/\/www.facebook.com\/CaririEmAcao\/?ref=aymt_homepage_panel\">Facebook<\/a>,\u00a0<a href=\"https:\/\/www.instagram.com\/cariri_em_acao\/?hl=pt-br\">Instagram<\/a>\u00a0e\u00a0<a href=\"https:\/\/www.youtube.com\/channel\/UCAptA0jQuYQy8vMhLt2m4qg\">Youtube<\/a>\u00a0e veja nossas mat\u00e9rias, v\u00eddeos e fotos. Voc\u00ea tamb\u00e9m pode enviar informa\u00e7\u00f5es \u00e0 Reda\u00e7\u00e3o do Portal Cariri em A\u00e7\u00e3o pelo WhatsApp (83) 9 9634.5791, (83) 9 9601-1162.<\/p>\n","protected":false},"excerpt":{"rendered":"<p>O Senado aprovou, por 55 votos a 13 e uma absten\u00e7\u00e3o, o decreto de interven\u00e7\u00e3o federal no Rio de Janeiro para a \u00e1rea da seguran\u00e7a&hellip; <\/p>\n","protected":false},"author":2,"featured_media":41635,"comment_status":"closed","ping_status":"closed","sticky":false,"template":"","format":"standard","meta":{"sfsi_plus_gutenberg_text_before_share":"","sfsi_plus_gutenberg_show_text_before_share":"","sfsi_plus_gutenberg_icon_type":"","sfsi_plus_gutenberg_icon_alignemt":"","sfsi_plus_gutenburg_max_per_row":"","footnotes":""},"categories":[11],"tags":[],"class_list":["post-41634","post","type-post","status-publish","format-standard","has-post-thumbnail","hentry","category-politica"],"_links":{"self":[{"href":"https:\/\/www.caririemacao.com\/1\/wp-json\/wp\/v2\/posts\/41634","targetHints":{"allow":["GET"]}}],"collection":[{"href":"https:\/\/www.caririemacao.com\/1\/wp-json\/wp\/v2\/posts"}],"about":[{"href":"https:\/\/www.caririemacao.com\/1\/wp-json\/wp\/v2\/types\/post"}],"author":[{"embeddable":true,"href":"https:\/\/www.caririemacao.com\/1\/wp-json\/wp\/v2\/users\/2"}],"replies":[{"embeddable":true,"href":"https:\/\/www.caririemacao.com\/1\/wp-json\/wp\/v2\/comments?post=41634"}],"version-history":[{"count":0,"href":"https:\/\/www.caririemacao.com\/1\/wp-json\/wp\/v2\/posts\/41634\/revisions"}],"wp:featuredmedia":[{"embeddable":true,"href":"https:\/\/www.caririemacao.com\/1\/wp-json\/wp\/v2\/media\/41635"}],"wp:attachment":[{"href":"https:\/\/www.caririemacao.com\/1\/wp-json\/wp\/v2\/media?parent=41634"}],"wp:term":[{"taxonomy":"category","embeddable":true,"href":"https:\/\/www.caririemacao.com\/1\/wp-json\/wp\/v2\/categories?post=41634"},{"taxonomy":"post_tag","embeddable":true,"href":"https:\/\/www.caririemacao.com\/1\/wp-json\/wp\/v2\/tags?post=41634"}],"curies":[{"name":"wp","href":"https:\/\/api.w.org\/{rel}","templated":true}]}}