{"id":41637,"date":"2018-02-21T08:15:34","date_gmt":"2018-02-21T11:15:34","guid":{"rendered":"http:\/\/caririemacao.com\/1\/?p=41637"},"modified":"2018-02-21T08:15:34","modified_gmt":"2018-02-21T11:15:34","slug":"congresso-aprova-credito-especial-bilionario-aos-municipios","status":"publish","type":"post","link":"https:\/\/www.caririemacao.com\/1\/2018\/02\/21\/congresso-aprova-credito-especial-bilionario-aos-municipios\/","title":{"rendered":"Congresso aprova cr\u00e9dito especial bilion\u00e1rio aos munic\u00edpios"},"content":{"rendered":"<div class=\"content\">\n<p>O Congresso Nacional aprovou hoje (20) o Projeto de Lei (PLN) 1\/18, que abre cr\u00e9dito especial de R$ 2 bilh\u00f5es aos munic\u00edpios. Os recursos ser\u00e3o destinados aos Minist\u00e9rios da Educa\u00e7\u00e3o (R$ 600 mil), Sa\u00fade (R$ 1 bilh\u00e3o) e Desenvolvimento Social (R$ 400 mil) para viabilizar o aux\u00edlio financeiro \u00e0s prefeituras. A mat\u00e9ria foi aprovada em vota\u00e7\u00e3o simb\u00f3lica e vai \u00e0 san\u00e7\u00e3o presidencial.<\/p>\n<p>A verba estava prevista em medida provis\u00f3ria editada pelo governo federal no final de dezembro do ano passado, que autoriza a Uni\u00e3o a transferir aos entes federativos que recebem o Fundo de Participa\u00e7\u00e3o dos Munic\u00edpios (FPM) recursos destinados \u00e0 supera\u00e7\u00e3o de dificuldades financeiras emergenciais.<\/p>\n<p>Na Mensagem do Executivo enviada ao Congresso Nacional, o ministro do Planejamento, Dyogo Oliveira, argumenta que as altera\u00e7\u00f5es decorrentes da abertura deste cr\u00e9dito \u201cn\u00e3o afetam a obten\u00e7\u00e3o da meta de resultado prim\u00e1rio fixada para o exerc\u00edcio corrente, uma vez que se referem a remanejamento entre despesas prim\u00e1rias discricion\u00e1rias do Poder Executivo para prioriza\u00e7\u00e3o das novas programa\u00e7\u00f5es, as quais ser\u00e3o executadas de acordo com os limites de movimenta\u00e7\u00e3o e empenho\u201d.<\/p>\n<p>Segundo a justificativa, parte desse cr\u00e9dito, no valor de R$ 271,6 milh\u00f5es refere-se ao cancelamento de despesas prim\u00e1rias pertencentes ao Programa de Acelera\u00e7\u00e3o do Crescimento (PAC).<\/p>\n<p><strong>CARIRI EM A\u00c7\u00c3O<\/strong><\/p>\n<p>Com <em>Ag\u00eancia Brasil<\/em>\/Foto\u00a0<em>Ag\u00eancia Brasil<\/em><\/p>\n<p>Leia mais not\u00edcias em\u00a0<a href=\"http:\/\/www.caririemacao.com\/\">caririemacao.com<\/a>, siga nossa p\u00e1gina no\u00a0<a href=\"https:\/\/www.facebook.com\/CaririEmAcao\/?ref=aymt_homepage_panel\">Facebook<\/a>,\u00a0<a href=\"https:\/\/www.instagram.com\/cariri_em_acao\/?hl=pt-br\">Instagram<\/a>\u00a0e\u00a0<a href=\"https:\/\/www.youtube.com\/channel\/UCAptA0jQuYQy8vMhLt2m4qg\">Youtube<\/a>\u00a0e veja nossas mat\u00e9rias, v\u00eddeos e fotos. Voc\u00ea tamb\u00e9m pode enviar informa\u00e7\u00f5es \u00e0 Reda\u00e7\u00e3o do Portal Cariri em A\u00e7\u00e3o pelo WhatsApp (83) 9 9634.5791, (83) 9 9601-1162.<\/p>\n<\/div>\n<div><\/div>\n","protected":false},"excerpt":{"rendered":"<p>O Congresso Nacional aprovou hoje (20) o Projeto de Lei (PLN) 1\/18, que abre cr\u00e9dito especial de R$ 2 bilh\u00f5es aos munic\u00edpios. Os recursos ser\u00e3o&hellip; <\/p>\n","protected":false},"author":2,"featured_media":41638,"comment_status":"closed","ping_status":"closed","sticky":false,"template":"","format":"standard","meta":{"sfsi_plus_gutenberg_text_before_share":"","sfsi_plus_gutenberg_show_text_before_share":"","sfsi_plus_gutenberg_icon_type":"","sfsi_plus_gutenberg_icon_alignemt":"","sfsi_plus_gutenburg_max_per_row":"","footnotes":""},"categories":[2],"tags":[],"class_list":["post-41637","post","type-post","status-publish","format-standard","has-post-thumbnail","hentry","category-geral"],"_links":{"self":[{"href":"https:\/\/www.caririemacao.com\/1\/wp-json\/wp\/v2\/posts\/41637","targetHints":{"allow":["GET"]}}],"collection":[{"href":"https:\/\/www.caririemacao.com\/1\/wp-json\/wp\/v2\/posts"}],"about":[{"href":"https:\/\/www.caririemacao.com\/1\/wp-json\/wp\/v2\/types\/post"}],"author":[{"embeddable":true,"href":"https:\/\/www.caririemacao.com\/1\/wp-json\/wp\/v2\/users\/2"}],"replies":[{"embeddable":true,"href":"https:\/\/www.caririemacao.com\/1\/wp-json\/wp\/v2\/comments?post=41637"}],"version-history":[{"count":0,"href":"https:\/\/www.caririemacao.com\/1\/wp-json\/wp\/v2\/posts\/41637\/revisions"}],"wp:featuredmedia":[{"embeddable":true,"href":"https:\/\/www.caririemacao.com\/1\/wp-json\/wp\/v2\/media\/41638"}],"wp:attachment":[{"href":"https:\/\/www.caririemacao.com\/1\/wp-json\/wp\/v2\/media?parent=41637"}],"wp:term":[{"taxonomy":"category","embeddable":true,"href":"https:\/\/www.caririemacao.com\/1\/wp-json\/wp\/v2\/categories?post=41637"},{"taxonomy":"post_tag","embeddable":true,"href":"https:\/\/www.caririemacao.com\/1\/wp-json\/wp\/v2\/tags?post=41637"}],"curies":[{"name":"wp","href":"https:\/\/api.w.org\/{rel}","templated":true}]}}