{"id":41647,"date":"2018-02-21T08:37:00","date_gmt":"2018-02-21T11:37:00","guid":{"rendered":"http:\/\/caririemacao.com\/1\/?p=41647"},"modified":"2018-02-21T08:37:00","modified_gmt":"2018-02-21T11:37:00","slug":"campanha-da-fraternidade-quer-superacao-da-violencia","status":"publish","type":"post","link":"https:\/\/www.caririemacao.com\/1\/2018\/02\/21\/campanha-da-fraternidade-quer-superacao-da-violencia\/","title":{"rendered":"Campanha da Fraternidade quer supera\u00e7\u00e3o da viol\u00eancia"},"content":{"rendered":"<p>\u2018Fraternidade e Supera\u00e7\u00e3o da Viol\u00eancia\u2019 \u00e9 o tema da Campanha da Fraternidade 2018, mas o foco, de acordo com o Arcebispo Metropolitano da Para\u00edba, Dom Manoel Delson, est\u00e1 na supera\u00e7\u00e3o. \u201cSobre a viol\u00eancia n\u00f3s j\u00e1 sabemos, j\u00e1 foi tema de campanhas anteriores, o foco agora \u00e9 superar a viol\u00eancia. Se todos vivenciarem a fraternidade crist\u00e3, podemos ter uma sociedade melhor\u201d, disse.<\/p>\n<p>O religioso destacou que a viol\u00eancia est\u00e1 muito relacionada \u00e0s desigualdades sociais, que atingem principalmente negros, jovens e pobres, e que v\u00eam desde a \u00e9poca da escravid\u00e3o. A campanha visa trazer essa reflex\u00e3o com o tema \u201cV\u00f3s sois todos irm\u00e3os\u201d.<\/p>\n<p>Dom Delson lembrou ainda que a igreja desenvolve diversos trabalhos sociais, como o atendimento a jovens carentes, dependentes de drogas e o acolhimento a crian\u00e7as e adolescentes em situa\u00e7\u00e3o de vulnerabilidade. Interessados em ajudar devem procurar o Padre Eg\u00eddio, na A\u00e7\u00e3o Social Arquidiocesana (ASA), localizada no Pal\u00e1cio do Bispo.<\/p>\n<p>24 horas para Jesus\u00a0\u2013 Nos dias 2 e 3 de mar\u00e7o, a Arquidiocese promover\u00e1, como parte da programa\u00e7\u00e3o da Quaresma, o evento 24 Horas para Jesus, no Parque Solon de Lucena, no Centro de Jo\u00e3o Pessoa. Trata-se de um mutir\u00e3o, que reunir\u00e1 o maior n\u00famero poss\u00edvel de padres, para momentos de adora\u00e7\u00e3o, celebra\u00e7\u00f5es penitenciais e confiss\u00f5es.<\/p>\n<p>Dom Delson frisou a import\u00e2ncia da confiss\u00e3o durante a quaresma, mas pediu que os fieis n\u00e3o deixem para \u00faltima hora. \u201c\u00c0s vezes v\u00e3o todos de uma vez s\u00f3 e os padres n\u00e3o podem dar conta. Por isso faremos esse mutir\u00e3o\u201d, disse.<\/p>\n<p><strong>CARIRI EM A\u00c7\u00c3O<\/strong><\/p>\n<div class=\"pf-content\">\n<p><em>Com Portal Correio\/Foto: Reprodu\u00e7\u00e3o google<\/em><\/p>\n<p><strong>Leia mais not\u00edcias em\u00a0<\/strong><a href=\"http:\/\/www.caririemacao.com\/\"><strong>caririemacao.com<\/strong><\/a><strong>, siga nossa p\u00e1gina no\u00a0<\/strong><a href=\"https:\/\/www.facebook.com\/CaririEmAcao\/?ref=aymt_homepage_panel\"><strong>Facebook<\/strong><\/a>,<strong>\u00a0<\/strong><a href=\"https:\/\/www.instagram.com\/cariri_em_acao\/?hl=pt-br\"><strong>Instagram<\/strong><\/a><strong>\u00a0e\u00a0<\/strong><a href=\"https:\/\/www.youtube.com\/channel\/UCAptA0jQuYQy8vMhLt2m4qg\"><strong>Youtube<\/strong><\/a><strong>\u00a0e veja nossas mat\u00e9rias, v\u00eddeos e fotos. Voc\u00ea tamb\u00e9m pode enviar informa\u00e7\u00f5es \u00e0 Reda\u00e7\u00e3o do Portal Cariri em A\u00e7\u00e3o pelo WhatsApp (83) 9 9634.5791, (83) 9 9601-1162.<\/strong><\/p>\n<\/div>\n","protected":false},"excerpt":{"rendered":"<p>\u2018Fraternidade e Supera\u00e7\u00e3o da Viol\u00eancia\u2019 \u00e9 o tema da Campanha da Fraternidade 2018, mas o foco, de acordo com o Arcebispo Metropolitano da Para\u00edba, Dom&hellip; <\/p>\n","protected":false},"author":2,"featured_media":41648,"comment_status":"closed","ping_status":"closed","sticky":false,"template":"","format":"standard","meta":{"sfsi_plus_gutenberg_text_before_share":"","sfsi_plus_gutenberg_show_text_before_share":"","sfsi_plus_gutenberg_icon_type":"","sfsi_plus_gutenberg_icon_alignemt":"","sfsi_plus_gutenburg_max_per_row":"","footnotes":""},"categories":[2],"tags":[],"class_list":["post-41647","post","type-post","status-publish","format-standard","has-post-thumbnail","hentry","category-geral"],"_links":{"self":[{"href":"https:\/\/www.caririemacao.com\/1\/wp-json\/wp\/v2\/posts\/41647","targetHints":{"allow":["GET"]}}],"collection":[{"href":"https:\/\/www.caririemacao.com\/1\/wp-json\/wp\/v2\/posts"}],"about":[{"href":"https:\/\/www.caririemacao.com\/1\/wp-json\/wp\/v2\/types\/post"}],"author":[{"embeddable":true,"href":"https:\/\/www.caririemacao.com\/1\/wp-json\/wp\/v2\/users\/2"}],"replies":[{"embeddable":true,"href":"https:\/\/www.caririemacao.com\/1\/wp-json\/wp\/v2\/comments?post=41647"}],"version-history":[{"count":0,"href":"https:\/\/www.caririemacao.com\/1\/wp-json\/wp\/v2\/posts\/41647\/revisions"}],"wp:featuredmedia":[{"embeddable":true,"href":"https:\/\/www.caririemacao.com\/1\/wp-json\/wp\/v2\/media\/41648"}],"wp:attachment":[{"href":"https:\/\/www.caririemacao.com\/1\/wp-json\/wp\/v2\/media?parent=41647"}],"wp:term":[{"taxonomy":"category","embeddable":true,"href":"https:\/\/www.caririemacao.com\/1\/wp-json\/wp\/v2\/categories?post=41647"},{"taxonomy":"post_tag","embeddable":true,"href":"https:\/\/www.caririemacao.com\/1\/wp-json\/wp\/v2\/tags?post=41647"}],"curies":[{"name":"wp","href":"https:\/\/api.w.org\/{rel}","templated":true}]}}