{"id":41650,"date":"2018-02-21T08:40:21","date_gmt":"2018-02-21T11:40:21","guid":{"rendered":"http:\/\/caririemacao.com\/1\/?p=41650"},"modified":"2018-02-21T09:15:51","modified_gmt":"2018-02-21T12:15:51","slug":"mais-de-87-mil-agentes-de-saude-serao-qualificados-na-pb","status":"publish","type":"post","link":"https:\/\/www.caririemacao.com\/1\/2018\/02\/21\/mais-de-87-mil-agentes-de-saude-serao-qualificados-na-pb\/","title":{"rendered":"Mais de 8,7 mil agentes de sa\u00fade ser\u00e3o qualificados na PB"},"content":{"rendered":"<p>O Minist\u00e9rio da Sa\u00fade divulgou que vai qualificar 8.742 agentes comunit\u00e1rios de sa\u00fade (ACS) e de combate \u00e0 endemia (ACE) como t\u00e9cnicos em enfermagem do estado da Para\u00edba. A medida faz parte da nova Pol\u00edtica Nacional de Aten\u00e7\u00e3o B\u00e1sica (PNAB), que amplia a atribui\u00e7\u00e3o desses profissionais para aumentar a resolu\u00e7\u00e3o dos atendimentos realizados \u00e0 popula\u00e7\u00e3o.<\/p>\n<p>Ao todo, ser\u00e3o investidos R$ 1,25 bilh\u00e3o na forma\u00e7\u00e3o dos agentes, que ter\u00e3o o curso totalmente gratuito, livres de taxas, mensalidades ou quaisquer contribui\u00e7\u00f5es relativas \u00e0 presta\u00e7\u00e3o do servi\u00e7o. O curso ser\u00e1 ofertado por institui\u00e7\u00f5es de ensino p\u00fablicas e privadas do estado, habilitadas pelo Minist\u00e9rio da Educa\u00e7\u00e3o e habilitadas no Programa de Forma\u00e7\u00e3o T\u00e9cnica para Agentes de Sa\u00fade (PROFAGS).<\/p>\n<p>Para participar do programa, as institui\u00e7\u00f5es precisam se credenciar para indicar a quantidade de vagas poss\u00edveis de serem atendidas, por munic\u00edpio de abrang\u00eancia e por semestre. Ap\u00f3s isso, as entidades encaminhar\u00e3o para avalia\u00e7\u00e3o do Minist\u00e9rio da Sa\u00fade documentos que comprovem habilita\u00e7\u00e3o jur\u00eddica, regularidade fiscal e trabalhista, al\u00e9m de qualifica\u00e7\u00e3o t\u00e9cnica e econ\u00f4mico-financeira. O edital, para as entidades interessadas em participar do programa, est\u00e1 dispon\u00edvel no site www.saude.gov.br.<\/p>\n<p>\u201cA medida permitir\u00e1 uma amplia\u00e7\u00e3o do acesso \u00e0 Aten\u00e7\u00e3o B\u00e1sica, levando um atendimento de qualidade e com alta resolutividade \u00e0 popula\u00e7\u00e3o brasileira, evitando custos desnecess\u00e1rios e assist\u00eancia mais complexa. Estamos contando com as institui\u00e7\u00f5es para que qualifiquem, com o que possuem de melhor, esses agentes de sa\u00fade\u201d, destacou o ministro da Sa\u00fade, Ricardo Barros.<\/p>\n<p>Em todo o pa\u00eds, ser\u00e3o mais de 250 mil vagas de qualifica\u00e7\u00e3o. A expectativa \u00e9 de que a partir de mar\u00e7o, os agentes comunit\u00e1rios de sa\u00fade e de combate \u00e0s endemias j\u00e1 possam dar in\u00edcio ao curso, que ter\u00e1 o prazo de dois anos (1.800 horas\/aula) para concluir a forma\u00e7\u00e3o. Ap\u00f3s esta qualifica\u00e7\u00e3o, os profissionais poder\u00e3o fortalecer as a\u00e7\u00f5es de promo\u00e7\u00e3o da sa\u00fade e de preven\u00e7\u00e3o de doen\u00e7as, passando a fazer curativos em domic\u00edlio, medir a press\u00e3o e a glicemia, entre outras atribui\u00e7\u00f5es que levar\u00e3o atendimento prim\u00e1rio \u00e0 casa do paciente. Eles, tamb\u00e9m, poder\u00e3o ajudar no combate ao Aedes aegypti, transmissor dos v\u00edrus da zika, dengue e chikungunya.<\/p>\n<p>Atualmente, segundo estimativa do Minist\u00e9rio, at\u00e9 30% dos agentes que atuam no SUS j\u00e1 possuem a forma\u00e7\u00e3o em T\u00e9cnico em Enfermagem.<\/p>\n<div class=\"pf-content\">\n<div class=\"content\">\n<p><strong>CARIRI EM A\u00c7\u00c3O<\/strong><\/p>\n<p>Com <i>Portal Correio<\/i>\/Foto <i>Divulga\u00e7\u00e3o<\/i><\/p>\n<p>Leia mais not\u00edcias em\u00a0<a href=\"http:\/\/www.caririemacao.com\/\">caririemacao.com<\/a>, siga nossa p\u00e1gina no\u00a0<a href=\"https:\/\/www.facebook.com\/CaririEmAcao\/?ref=aymt_homepage_panel\">Facebook<\/a>,\u00a0<a href=\"https:\/\/www.instagram.com\/cariri_em_acao\/?hl=pt-br\">Instagram<\/a>\u00a0e\u00a0<a href=\"https:\/\/www.youtube.com\/channel\/UCAptA0jQuYQy8vMhLt2m4qg\">Youtube<\/a>\u00a0e veja nossas mat\u00e9rias, v\u00eddeos e fotos. Voc\u00ea tamb\u00e9m pode enviar informa\u00e7\u00f5es \u00e0 Reda\u00e7\u00e3o do Portal Cariri em A\u00e7\u00e3o pelo WhatsApp (83) 9 9634.5791, (83) 9 9601-1162.<\/p>\n<\/div>\n<\/div>\n","protected":false},"excerpt":{"rendered":"<p>O Minist\u00e9rio da Sa\u00fade divulgou que vai qualificar 8.742 agentes comunit\u00e1rios de sa\u00fade (ACS) e de combate \u00e0 endemia (ACE) como t\u00e9cnicos em enfermagem do&hellip; <\/p>\n","protected":false},"author":2,"featured_media":41651,"comment_status":"closed","ping_status":"closed","sticky":false,"template":"","format":"standard","meta":{"sfsi_plus_gutenberg_text_before_share":"","sfsi_plus_gutenberg_show_text_before_share":"","sfsi_plus_gutenberg_icon_type":"","sfsi_plus_gutenberg_icon_alignemt":"","sfsi_plus_gutenburg_max_per_row":"","footnotes":""},"categories":[16],"tags":[],"class_list":["post-41650","post","type-post","status-publish","format-standard","has-post-thumbnail","hentry","category-saude"],"_links":{"self":[{"href":"https:\/\/www.caririemacao.com\/1\/wp-json\/wp\/v2\/posts\/41650","targetHints":{"allow":["GET"]}}],"collection":[{"href":"https:\/\/www.caririemacao.com\/1\/wp-json\/wp\/v2\/posts"}],"about":[{"href":"https:\/\/www.caririemacao.com\/1\/wp-json\/wp\/v2\/types\/post"}],"author":[{"embeddable":true,"href":"https:\/\/www.caririemacao.com\/1\/wp-json\/wp\/v2\/users\/2"}],"replies":[{"embeddable":true,"href":"https:\/\/www.caririemacao.com\/1\/wp-json\/wp\/v2\/comments?post=41650"}],"version-history":[{"count":0,"href":"https:\/\/www.caririemacao.com\/1\/wp-json\/wp\/v2\/posts\/41650\/revisions"}],"wp:featuredmedia":[{"embeddable":true,"href":"https:\/\/www.caririemacao.com\/1\/wp-json\/wp\/v2\/media\/41651"}],"wp:attachment":[{"href":"https:\/\/www.caririemacao.com\/1\/wp-json\/wp\/v2\/media?parent=41650"}],"wp:term":[{"taxonomy":"category","embeddable":true,"href":"https:\/\/www.caririemacao.com\/1\/wp-json\/wp\/v2\/categories?post=41650"},{"taxonomy":"post_tag","embeddable":true,"href":"https:\/\/www.caririemacao.com\/1\/wp-json\/wp\/v2\/tags?post=41650"}],"curies":[{"name":"wp","href":"https:\/\/api.w.org\/{rel}","templated":true}]}}