{"id":41653,"date":"2018-02-21T08:53:32","date_gmt":"2018-02-21T11:53:32","guid":{"rendered":"http:\/\/caririemacao.com\/1\/?p=41653"},"modified":"2018-02-21T08:53:32","modified_gmt":"2018-02-21T11:53:32","slug":"ricardo-coutinho-assina-convenios-com-27-municipios-para-construcao-de-escolas","status":"publish","type":"post","link":"https:\/\/www.caririemacao.com\/1\/2018\/02\/21\/ricardo-coutinho-assina-convenios-com-27-municipios-para-construcao-de-escolas\/","title":{"rendered":"Ricardo Coutinho assina conv\u00eanios com 27 munic\u00edpios para constru\u00e7\u00e3o de escolas"},"content":{"rendered":"<p>O governador Ricardo Coutinho assina, nesta quarta-feira (21), conv\u00eanios com 27 prefeituras para a constru\u00e7\u00e3o de escolas nas redes municipais de ensino. A solenidade ocorrer\u00e1 \u00e0s 10h, no Sal\u00e3o Nobre do Pal\u00e1cio da Reden\u00e7\u00e3o. A a\u00e7\u00e3o visa apoiar os munic\u00edpios e ampliar a infraestrutura para o desenvolvimento da Educa\u00e7\u00e3o na Para\u00edba, a partir da transfer\u00eancia de recursos do Tesouro Estadual na ordem de R$ 25,3 milh\u00f5es.<\/p>\n<p>Ser\u00e3o contempladas cidades de todas as regi\u00f5es do Estado como forma de coopera\u00e7\u00e3o entre Estado e munic\u00edpios para assegurar o ensino, considerando o disposto nas metas 2, 3 e 19 da Lei n\u00ba 10.488 de 23 de junho de 2015 do Plano Estadual de Educa\u00e7\u00e3o (PEE) e a necessidade de fortalecer a parceria do Governo Estadual com o Municipal, objetivando que at\u00e9 2021 toda crian\u00e7a paraibana esteja alfabetizada at\u00e9 o terceiro ano do ensino fundamental e que o n\u00famero de estudantes com alfabetiza\u00e7\u00e3o incompleta no 5\u00ba ano seja reduzido em 5% ao ano.<\/p>\n<p><strong>CARIRI EM A\u00c7\u00c3O<\/strong><\/p>\n<p>Com <i>Clik PB<\/i>\/Foto <i>Reprodu\u00e7\u00e3o google<\/i><\/p>\n<p>Leia mais not\u00edcias em\u00a0<a href=\"http:\/\/www.caririemacao.com\/\">caririemacao.com<\/a>, siga nossa p\u00e1gina no\u00a0<a href=\"https:\/\/www.facebook.com\/CaririEmAcao\/?ref=aymt_homepage_panel\">Facebook<\/a>,\u00a0<a href=\"https:\/\/www.instagram.com\/cariri_em_acao\/?hl=pt-br\">Instagram<\/a>\u00a0e\u00a0<a href=\"https:\/\/www.youtube.com\/channel\/UCAptA0jQuYQy8vMhLt2m4qg\">Youtube<\/a>\u00a0e veja nossas mat\u00e9rias, v\u00eddeos e fotos. Voc\u00ea tamb\u00e9m pode enviar informa\u00e7\u00f5es \u00e0 Reda\u00e7\u00e3o do Portal Cariri em A\u00e7\u00e3o pelo WhatsApp (83) 9 9634.5791, (83) 9 9601-1162.<\/p>\n","protected":false},"excerpt":{"rendered":"<p>O governador Ricardo Coutinho assina, nesta quarta-feira (21), conv\u00eanios com 27 prefeituras para a constru\u00e7\u00e3o de escolas nas redes municipais de ensino. A solenidade ocorrer\u00e1&hellip; <\/p>\n","protected":false},"author":2,"featured_media":28862,"comment_status":"closed","ping_status":"closed","sticky":false,"template":"","format":"standard","meta":{"sfsi_plus_gutenberg_text_before_share":"","sfsi_plus_gutenberg_show_text_before_share":"","sfsi_plus_gutenberg_icon_type":"","sfsi_plus_gutenberg_icon_alignemt":"","sfsi_plus_gutenburg_max_per_row":"","footnotes":""},"categories":[11],"tags":[],"class_list":["post-41653","post","type-post","status-publish","format-standard","has-post-thumbnail","hentry","category-politica"],"_links":{"self":[{"href":"https:\/\/www.caririemacao.com\/1\/wp-json\/wp\/v2\/posts\/41653","targetHints":{"allow":["GET"]}}],"collection":[{"href":"https:\/\/www.caririemacao.com\/1\/wp-json\/wp\/v2\/posts"}],"about":[{"href":"https:\/\/www.caririemacao.com\/1\/wp-json\/wp\/v2\/types\/post"}],"author":[{"embeddable":true,"href":"https:\/\/www.caririemacao.com\/1\/wp-json\/wp\/v2\/users\/2"}],"replies":[{"embeddable":true,"href":"https:\/\/www.caririemacao.com\/1\/wp-json\/wp\/v2\/comments?post=41653"}],"version-history":[{"count":0,"href":"https:\/\/www.caririemacao.com\/1\/wp-json\/wp\/v2\/posts\/41653\/revisions"}],"wp:featuredmedia":[{"embeddable":true,"href":"https:\/\/www.caririemacao.com\/1\/wp-json\/wp\/v2\/media\/28862"}],"wp:attachment":[{"href":"https:\/\/www.caririemacao.com\/1\/wp-json\/wp\/v2\/media?parent=41653"}],"wp:term":[{"taxonomy":"category","embeddable":true,"href":"https:\/\/www.caririemacao.com\/1\/wp-json\/wp\/v2\/categories?post=41653"},{"taxonomy":"post_tag","embeddable":true,"href":"https:\/\/www.caririemacao.com\/1\/wp-json\/wp\/v2\/tags?post=41653"}],"curies":[{"name":"wp","href":"https:\/\/api.w.org\/{rel}","templated":true}]}}