{"id":41661,"date":"2018-02-21T09:40:37","date_gmt":"2018-02-21T12:40:37","guid":{"rendered":"http:\/\/caririemacao.com\/1\/?p=41661"},"modified":"2018-02-21T09:40:37","modified_gmt":"2018-02-21T12:40:37","slug":"diretor-do-cec-educacional-e-agraciado-com-cidadania-cordeirense","status":"publish","type":"post","link":"https:\/\/www.caririemacao.com\/1\/2018\/02\/21\/diretor-do-cec-educacional-e-agraciado-com-cidadania-cordeirense\/","title":{"rendered":"Diretor do CEC Educacional \u00e9 agraciado com cidadania Cordeirense"},"content":{"rendered":"<p>O Diretor do CEC Educacional Cicero Roberto, foi agraciado com o t\u00edtulo de cidad\u00e3o da cidade de S\u00e3o Jos\u00e9 dos cordeiros, pela C\u00e2mara Municipal de vereadores, pelos servi\u00e7os prestados a forma\u00e7\u00e3o profissional dos jovens cordeirenses.<\/p>\n<p>A indica\u00e7\u00e3o foi feita pelo vereador Niedson Brito, que afirmou que o Diretor de CEC Educacional, Cicero Roberto, tem relevantes servi\u00e7os prestados a educa\u00e7\u00e3o n\u00e3o s\u00f3 a S\u00e3o Jos\u00e9 dos Cordeiros mais a todas as cidades do Cariri e algumas do interior do Pernambuco.<\/p>\n<p>Para Cicero, este \u00e9 um momento impar em sua hist\u00f3ria, ele afirma sentir-se feliz com manifesta\u00e7\u00e3o de reconhecimento da cidade de S\u00e3o Jos\u00e9 dos Cordeiros e diz que o t\u00edtulo n\u00e3o agracia somente a ele como cidad\u00e3o individual, mas a toda a equipe de profissionais do CEC que acompanham sua lideran\u00e7a. Ainda em sua fala Cicero Roberto agradeceu a C\u00e2mara de Vereadores de S\u00e3o Jos\u00e9 dos Cordeiros que aprovou por unanimidade a indica\u00e7\u00e3o do vereador Niedson.<\/p>\n<p>Nas redes sociais Cicero escreveu: <strong><em>O que dizer quando voc\u00ea \u00e9 reconhecido e agraciado com um t\u00edtulo de Cidad\u00e3o Cordeirense? Agradecer ao vereador Niedson autor da propositura, que disse ser a escola respons\u00e1vel pela forma\u00e7\u00e3o de muitos caririzeiros e pernambucanos e pelo destaque na educa\u00e7\u00e3o do nosso povo. Agrade\u00e7o ao vereador Niedson e aos demais vereadores e ao povo de Cordeiros que tanto estimo.<\/em><\/strong><\/p>\n<p>A Cidade de S\u00e3o Jos\u00e9 dos Cordeiros \u00e9 hoje um dos grandes polos desenvolvimento para o Cariri, e uma das mais importantes cidades do Estado da Para\u00edba.<\/p>\n<p><strong>Biografia<\/strong><\/p>\n<p>C\u00edcero Roberto Mendon\u00e7a de Souza, natural de Monteiro, Para\u00edba, 38 anos \u00e9 Professor Licenciado em Pedagogia, Filosofia, al\u00e9m de ser Bacharel em Direito, p\u00f3s graduado em Gest\u00e3o Educacional e Supervis\u00e3o escolar, Psicopedagogia Institucional e Clinica, foi Gerente Regional de Sa\u00fade da 5\u00aa Regi\u00e3o, Secret\u00e1rio de Agricultura, Desenvolvimento Social, atua na Educa\u00e7\u00e3o desde 2001, quando j\u00e1 era Professor de Filosofia, C\u00edcero tamb\u00e9m \u00e9 Professor do Curso de Forma\u00e7\u00e3o de Soldados da Policia Militar da Para\u00edba, do Senac, Diretor e Fundador do Complexo Educacional do Cariri (CEC), tem ajudado na forma\u00e7\u00e3o de muitas pessoas, instalando a Faculdade Mauricio de Nassau, possibilitando e diminuindo o percurso de muitos que necessitavam se deslocar para Cidades distantes.<\/p>\n<p><strong>CARIRI EM A\u00c7\u00c3O<\/strong><\/p>\n<p>ASCOM<\/p>\n<p><strong>Leia mais not\u00edcias em\u00a0<\/strong><a href=\"http:\/\/www.caririemacao.com\/\"><strong>caririemacao.com<\/strong><\/a><strong>, siga nossa p\u00e1gina no\u00a0<\/strong><a href=\"https:\/\/www.facebook.com\/CaririEmAcao\/?ref=aymt_homepage_panel\"><strong>Facebook<\/strong><\/a>,<strong>\u00a0<\/strong><a href=\"https:\/\/www.instagram.com\/cariri_em_acao\/?hl=pt-br\"><strong>Instagram<\/strong><\/a><strong>\u00a0e\u00a0<\/strong><a href=\"https:\/\/www.youtube.com\/channel\/UCAptA0jQuYQy8vMhLt2m4qg\"><strong>Youtube<\/strong><\/a><strong>\u00a0e veja nossas mat\u00e9rias, v\u00eddeos e fotos. Voc\u00ea tamb\u00e9m pode enviar informa\u00e7\u00f5es \u00e0 Reda\u00e7\u00e3o do Portal Cariri em A\u00e7\u00e3o pelo WhatsApp (83) 9 9634.5791, (83) 9 9601-1162.<\/strong><\/p>\n","protected":false},"excerpt":{"rendered":"<p>O Diretor do CEC Educacional Cicero Roberto, foi agraciado com o t\u00edtulo de cidad\u00e3o da cidade de S\u00e3o Jos\u00e9 dos cordeiros, pela C\u00e2mara Municipal de&hellip; <\/p>\n","protected":false},"author":2,"featured_media":41662,"comment_status":"closed","ping_status":"closed","sticky":false,"template":"","format":"standard","meta":{"sfsi_plus_gutenberg_text_before_share":"","sfsi_plus_gutenberg_show_text_before_share":"","sfsi_plus_gutenberg_icon_type":"","sfsi_plus_gutenberg_icon_alignemt":"","sfsi_plus_gutenburg_max_per_row":"","footnotes":""},"categories":[2],"tags":[],"class_list":["post-41661","post","type-post","status-publish","format-standard","has-post-thumbnail","hentry","category-geral"],"_links":{"self":[{"href":"https:\/\/www.caririemacao.com\/1\/wp-json\/wp\/v2\/posts\/41661","targetHints":{"allow":["GET"]}}],"collection":[{"href":"https:\/\/www.caririemacao.com\/1\/wp-json\/wp\/v2\/posts"}],"about":[{"href":"https:\/\/www.caririemacao.com\/1\/wp-json\/wp\/v2\/types\/post"}],"author":[{"embeddable":true,"href":"https:\/\/www.caririemacao.com\/1\/wp-json\/wp\/v2\/users\/2"}],"replies":[{"embeddable":true,"href":"https:\/\/www.caririemacao.com\/1\/wp-json\/wp\/v2\/comments?post=41661"}],"version-history":[{"count":0,"href":"https:\/\/www.caririemacao.com\/1\/wp-json\/wp\/v2\/posts\/41661\/revisions"}],"wp:featuredmedia":[{"embeddable":true,"href":"https:\/\/www.caririemacao.com\/1\/wp-json\/wp\/v2\/media\/41662"}],"wp:attachment":[{"href":"https:\/\/www.caririemacao.com\/1\/wp-json\/wp\/v2\/media?parent=41661"}],"wp:term":[{"taxonomy":"category","embeddable":true,"href":"https:\/\/www.caririemacao.com\/1\/wp-json\/wp\/v2\/categories?post=41661"},{"taxonomy":"post_tag","embeddable":true,"href":"https:\/\/www.caririemacao.com\/1\/wp-json\/wp\/v2\/tags?post=41661"}],"curies":[{"name":"wp","href":"https:\/\/api.w.org\/{rel}","templated":true}]}}