{"id":41664,"date":"2018-02-21T10:17:06","date_gmt":"2018-02-21T13:17:06","guid":{"rendered":"http:\/\/caririemacao.com\/1\/?p=41664"},"modified":"2018-02-21T10:17:06","modified_gmt":"2018-02-21T13:17:06","slug":"violencia-contra-a-mulher-jovem-e-agredida-pelo-companheiro-em-pesqueira","status":"publish","type":"post","link":"https:\/\/www.caririemacao.com\/1\/2018\/02\/21\/violencia-contra-a-mulher-jovem-e-agredida-pelo-companheiro-em-pesqueira\/","title":{"rendered":"VIOL\u00caNCIA CONTRA A MULHER: Jovem \u00e9 agredida pelo companheiro em Pesqueira"},"content":{"rendered":"<p>Nesta ter\u00e7a-feira, policiais militares da 8\u00aa CIPM de Pesqueira, no estado de Pernambuco, prenderam em flagrante em delito o ex-presidi\u00e1rio, Jamilson Manoel da Silva e engradado na Lei Maria da Penha por amea\u00e7a e les\u00e3o corporal a sua companheira de iniciais A.C.da S.<\/p>\n<p>O fato aconteceu na Rua Coronel Leornardo, em Xucurus, munic\u00edpio de Pesqueira\/PE.<\/p>\n<p><a href=\"http:\/\/caririemacao.com\/1\/wp-content\/uploads\/2018\/02\/WhatsApp-Image-2018-02-21-at-08.34.30.jpeg\"><img fetchpriority=\"high\" decoding=\"async\" class=\"aligncenter size-full wp-image-41665\" src=\"http:\/\/caririemacao.com\/1\/wp-content\/uploads\/2018\/02\/WhatsApp-Image-2018-02-21-at-08.34.30.jpeg\" alt=\"\" width=\"1280\" height=\"1280\" srcset=\"https:\/\/www.caririemacao.com\/1\/wp-content\/uploads\/2018\/02\/WhatsApp-Image-2018-02-21-at-08.34.30.jpeg 1280w, https:\/\/www.caririemacao.com\/1\/wp-content\/uploads\/2018\/02\/WhatsApp-Image-2018-02-21-at-08.34.30-150x150.jpeg 150w, https:\/\/www.caririemacao.com\/1\/wp-content\/uploads\/2018\/02\/WhatsApp-Image-2018-02-21-at-08.34.30-300x300.jpeg 300w, https:\/\/www.caririemacao.com\/1\/wp-content\/uploads\/2018\/02\/WhatsApp-Image-2018-02-21-at-08.34.30-768x768.jpeg 768w, https:\/\/www.caririemacao.com\/1\/wp-content\/uploads\/2018\/02\/WhatsApp-Image-2018-02-21-at-08.34.30-1024x1024.jpeg 1024w\" sizes=\"(max-width: 1280px) 100vw, 1280px\" \/><\/a><\/p>\n<p>Segundo o boletim de ocorr\u00eancia, a v\u00edtima, que \u00e9 de menor, procurou a Policial Militar ap\u00f3s conseguir fugir da casa do Jamilson Manoel, nesta segunda-feira, dia 19.<\/p>\n<p>Ela informou que seu companheiro, a mantinha presa em uma casa, atrav\u00e9s de amea\u00e7as e viol\u00eancias f\u00edsicas. A v\u00edtima, apresentava marcas nos bra\u00e7os, e sofria das agress\u00f5es, desde o in\u00edcio do ano de 2017.<\/p>\n<p>A v\u00edtima relatou que quando chegava \u00e0 noite, era trancada em um quarto da casa pelo acusado \u2018Jamilson\u2019, privando-a de sua liberdade e que tinha um baldinho pra ela realizar suas necessidades fisiol\u00f3gicas.<\/p>\n<p>Diante das informa\u00e7\u00f5es, a PM diligenciou e prendeu o Jamilson, que \u00e9 ex-presidi\u00e1rio, apresentando todos na Delegacia de Pol\u00edcia Civil, em Pesqueira, para provid\u00eancias.<\/p>\n<p><strong>CARIRI EM A\u00c7\u00c3O<\/strong><\/p>\n<p><strong>Leia mais not\u00edcias em\u00a0<\/strong><a style=\"font-style: inherit; font-weight: inherit;\" href=\"http:\/\/www.caririemacao.com\/\"><strong style=\"font-style: inherit;\">caririemacao.com<\/strong><\/a><strong style=\"font-style: inherit;\">, siga nossa p\u00e1gina no\u00a0<\/strong><a style=\"font-style: inherit; font-weight: inherit;\" href=\"https:\/\/www.facebook.com\/CaririEmAcao\/?ref=aymt_homepage_panel\"><strong style=\"font-style: inherit;\">Facebook<\/strong><\/a>,<strong style=\"font-style: inherit;\">\u00a0<\/strong><a style=\"font-style: inherit; font-weight: inherit;\" href=\"https:\/\/www.instagram.com\/cariri_em_acao\/?hl=pt-br\"><strong style=\"font-style: inherit;\">Instagram<\/strong><\/a><strong style=\"font-style: inherit;\">\u00a0e\u00a0<\/strong><a style=\"font-style: inherit; font-weight: inherit;\" href=\"https:\/\/www.youtube.com\/channel\/UCAptA0jQuYQy8vMhLt2m4qg\"><strong style=\"font-style: inherit;\">Youtube<\/strong><\/a><strong style=\"font-style: inherit;\">\u00a0e veja nossas mat\u00e9rias, v\u00eddeos e fotos. Voc\u00ea tamb\u00e9m pode enviar informa\u00e7\u00f5es \u00e0 Reda\u00e7\u00e3o do Portal Cariri em A\u00e7\u00e3o pelo WhatsApp (83) 9 9634.5791, (83) 9 9601-1162.<\/strong><\/p>\n","protected":false},"excerpt":{"rendered":"<p>Nesta ter\u00e7a-feira, policiais militares da 8\u00aa CIPM de Pesqueira, no estado de Pernambuco, prenderam em flagrante em delito o ex-presidi\u00e1rio, Jamilson Manoel da Silva e&hellip; <\/p>\n","protected":false},"author":2,"featured_media":41666,"comment_status":"closed","ping_status":"closed","sticky":false,"template":"","format":"standard","meta":{"sfsi_plus_gutenberg_text_before_share":"","sfsi_plus_gutenberg_show_text_before_share":"","sfsi_plus_gutenberg_icon_type":"","sfsi_plus_gutenberg_icon_alignemt":"","sfsi_plus_gutenburg_max_per_row":"","footnotes":""},"categories":[12],"tags":[],"class_list":["post-41664","post","type-post","status-publish","format-standard","has-post-thumbnail","hentry","category-policia"],"_links":{"self":[{"href":"https:\/\/www.caririemacao.com\/1\/wp-json\/wp\/v2\/posts\/41664","targetHints":{"allow":["GET"]}}],"collection":[{"href":"https:\/\/www.caririemacao.com\/1\/wp-json\/wp\/v2\/posts"}],"about":[{"href":"https:\/\/www.caririemacao.com\/1\/wp-json\/wp\/v2\/types\/post"}],"author":[{"embeddable":true,"href":"https:\/\/www.caririemacao.com\/1\/wp-json\/wp\/v2\/users\/2"}],"replies":[{"embeddable":true,"href":"https:\/\/www.caririemacao.com\/1\/wp-json\/wp\/v2\/comments?post=41664"}],"version-history":[{"count":0,"href":"https:\/\/www.caririemacao.com\/1\/wp-json\/wp\/v2\/posts\/41664\/revisions"}],"wp:featuredmedia":[{"embeddable":true,"href":"https:\/\/www.caririemacao.com\/1\/wp-json\/wp\/v2\/media\/41666"}],"wp:attachment":[{"href":"https:\/\/www.caririemacao.com\/1\/wp-json\/wp\/v2\/media?parent=41664"}],"wp:term":[{"taxonomy":"category","embeddable":true,"href":"https:\/\/www.caririemacao.com\/1\/wp-json\/wp\/v2\/categories?post=41664"},{"taxonomy":"post_tag","embeddable":true,"href":"https:\/\/www.caririemacao.com\/1\/wp-json\/wp\/v2\/tags?post=41664"}],"curies":[{"name":"wp","href":"https:\/\/api.w.org\/{rel}","templated":true}]}}