{"id":41668,"date":"2018-02-21T13:16:02","date_gmt":"2018-02-21T16:16:02","guid":{"rendered":"http:\/\/caririemacao.com\/1\/?p=41668"},"modified":"2018-02-21T13:16:02","modified_gmt":"2018-02-21T16:16:02","slug":"secretaria-de-saude-de-gurjao-promove-encontro-com-as-gestantes-do-municipio","status":"publish","type":"post","link":"https:\/\/www.caririemacao.com\/1\/2018\/02\/21\/secretaria-de-saude-de-gurjao-promove-encontro-com-as-gestantes-do-municipio\/","title":{"rendered":"Secretaria de Sa\u00fade de Gurj\u00e3o promove encontro com as gestantes do munic\u00edpio"},"content":{"rendered":"<p>Foi realizada na manh\u00e3 desta quarta-feira, dia 21, encontro com todas as gestantes do munic\u00edpio de Gurj\u00e3o para dar continuidade ao acompanhamento do pr\u00e9-natal que a Secretaria Municipal de Sa\u00fade vem fazendo com este grupo de gestantes.<\/p>\n<p><a href=\"http:\/\/caririemacao.com\/1\/wp-content\/uploads\/2018\/02\/27973907_412472205869830_711617514207896549_n.jpg\"><img fetchpriority=\"high\" decoding=\"async\" class=\"aligncenter size-full wp-image-41670\" src=\"http:\/\/caririemacao.com\/1\/wp-content\/uploads\/2018\/02\/27973907_412472205869830_711617514207896549_n.jpg\" alt=\"\" width=\"960\" height=\"635\" srcset=\"https:\/\/www.caririemacao.com\/1\/wp-content\/uploads\/2018\/02\/27973907_412472205869830_711617514207896549_n.jpg 960w, https:\/\/www.caririemacao.com\/1\/wp-content\/uploads\/2018\/02\/27973907_412472205869830_711617514207896549_n-300x198.jpg 300w, https:\/\/www.caririemacao.com\/1\/wp-content\/uploads\/2018\/02\/27973907_412472205869830_711617514207896549_n-768x508.jpg 768w\" sizes=\"(max-width: 960px) 100vw, 960px\" \/><\/a><\/p>\n<p>Durante o encontro, o fisioterapeuta S\u00e1vio mostrou as futuras m\u00e3es com aplicar as t\u00e9cnicas de Shantala que \u00e9 uma massagem indiana que tranquiliza e evita c\u00f3licas, ins\u00f4nia, melhora a digest\u00e3o e ainda ajuda a aprofundar a rela\u00e7\u00e3o de afeto entre a m\u00e3e e seu Beb\u00ea.<\/p>\n<p><a href=\"http:\/\/caririemacao.com\/1\/wp-content\/uploads\/2018\/02\/28168730_412472615869789_8800046843702233243_n.jpg\"><img decoding=\"async\" class=\"aligncenter size-full wp-image-41669 lazyload\" data-src=\"http:\/\/caririemacao.com\/1\/wp-content\/uploads\/2018\/02\/28168730_412472615869789_8800046843702233243_n.jpg\" alt=\"\" width=\"960\" height=\"635\" data-srcset=\"https:\/\/www.caririemacao.com\/1\/wp-content\/uploads\/2018\/02\/28168730_412472615869789_8800046843702233243_n.jpg 960w, https:\/\/www.caririemacao.com\/1\/wp-content\/uploads\/2018\/02\/28168730_412472615869789_8800046843702233243_n-300x198.jpg 300w, https:\/\/www.caririemacao.com\/1\/wp-content\/uploads\/2018\/02\/28168730_412472615869789_8800046843702233243_n-768x508.jpg 768w\" data-sizes=\"(max-width: 960px) 100vw, 960px\" src=\"data:image\/svg+xml;base64,PHN2ZyB3aWR0aD0iMSIgaGVpZ2h0PSIxIiB4bWxucz0iaHR0cDovL3d3dy53My5vcmcvMjAwMC9zdmciPjwvc3ZnPg==\" style=\"--smush-placeholder-width: 960px; --smush-placeholder-aspect-ratio: 960\/635;\" \/><\/a><\/p>\n<p>As gestantes ainda tiraram suas d\u00favidas sobre a t\u00e9cnica.<\/p>\n<p><strong>CARIRI EM A\u00c7\u00c3O<\/strong><\/p>\n<p>Leia mais not\u00edcias em\u00a0<a href=\"http:\/\/www.caririemacao.com\/\">caririemacao.com<\/a>, siga nossa p\u00e1gina no\u00a0<a href=\"https:\/\/www.facebook.com\/CaririEmAcao\/?ref=aymt_homepage_panel\">Facebook<\/a>,\u00a0<a href=\"https:\/\/www.instagram.com\/cariri_em_acao\/?hl=pt-br\">Instagram<\/a>\u00a0e\u00a0<a href=\"https:\/\/www.youtube.com\/channel\/UCAptA0jQuYQy8vMhLt2m4qg\">Youtube<\/a>\u00a0e veja nossas mat\u00e9rias, v\u00eddeos e fotos. Voc\u00ea tamb\u00e9m pode enviar informa\u00e7\u00f5es \u00e0 Reda\u00e7\u00e3o do Portal Cariri em A\u00e7\u00e3o pelo WhatsApp (83) 9 9634.5791, (83) 9 9601-1162.<\/p>\n","protected":false},"excerpt":{"rendered":"<p>Foi realizada na manh\u00e3 desta quarta-feira, dia 21, encontro com todas as gestantes do munic\u00edpio de Gurj\u00e3o para dar continuidade ao acompanhamento do pr\u00e9-natal que&hellip; <\/p>\n","protected":false},"author":2,"featured_media":41671,"comment_status":"closed","ping_status":"closed","sticky":false,"template":"","format":"standard","meta":{"sfsi_plus_gutenberg_text_before_share":"","sfsi_plus_gutenberg_show_text_before_share":"","sfsi_plus_gutenberg_icon_type":"","sfsi_plus_gutenberg_icon_alignemt":"","sfsi_plus_gutenburg_max_per_row":"","footnotes":""},"categories":[6],"tags":[],"class_list":["post-41668","post","type-post","status-publish","format-standard","has-post-thumbnail","hentry","category-cidades"],"_links":{"self":[{"href":"https:\/\/www.caririemacao.com\/1\/wp-json\/wp\/v2\/posts\/41668","targetHints":{"allow":["GET"]}}],"collection":[{"href":"https:\/\/www.caririemacao.com\/1\/wp-json\/wp\/v2\/posts"}],"about":[{"href":"https:\/\/www.caririemacao.com\/1\/wp-json\/wp\/v2\/types\/post"}],"author":[{"embeddable":true,"href":"https:\/\/www.caririemacao.com\/1\/wp-json\/wp\/v2\/users\/2"}],"replies":[{"embeddable":true,"href":"https:\/\/www.caririemacao.com\/1\/wp-json\/wp\/v2\/comments?post=41668"}],"version-history":[{"count":0,"href":"https:\/\/www.caririemacao.com\/1\/wp-json\/wp\/v2\/posts\/41668\/revisions"}],"wp:featuredmedia":[{"embeddable":true,"href":"https:\/\/www.caririemacao.com\/1\/wp-json\/wp\/v2\/media\/41671"}],"wp:attachment":[{"href":"https:\/\/www.caririemacao.com\/1\/wp-json\/wp\/v2\/media?parent=41668"}],"wp:term":[{"taxonomy":"category","embeddable":true,"href":"https:\/\/www.caririemacao.com\/1\/wp-json\/wp\/v2\/categories?post=41668"},{"taxonomy":"post_tag","embeddable":true,"href":"https:\/\/www.caririemacao.com\/1\/wp-json\/wp\/v2\/tags?post=41668"}],"curies":[{"name":"wp","href":"https:\/\/api.w.org\/{rel}","templated":true}]}}