{"id":41675,"date":"2018-02-21T13:24:17","date_gmt":"2018-02-21T16:24:17","guid":{"rendered":"http:\/\/caririemacao.com\/1\/?p=41675"},"modified":"2018-02-21T13:24:17","modified_gmt":"2018-02-21T16:24:17","slug":"mais-um-homem-e-assassinado-em-camalau","status":"publish","type":"post","link":"https:\/\/www.caririemacao.com\/1\/2018\/02\/21\/mais-um-homem-e-assassinado-em-camalau\/","title":{"rendered":"Mais um homem \u00e9 assassinado em Camala\u00fa"},"content":{"rendered":"<p style=\"background: white; font-variant-ligatures: normal; font-variant-caps: normal; orphans: 2; text-align: start; widows: 2; -webkit-text-stroke-width: 0px; text-decoration-style: initial; text-decoration-color: initial; word-spacing: 0px; margin: 4.5pt 0cm 4.5pt 0cm;\"><span style=\"font-size: 10.5pt; font-family: 'Helvetica',sans-serif; color: #1d2129;\">Um homem conhecido como Mela Gato foi morto com v\u00e1rios tiros, na manh\u00e3 desta quarta-feira, dia 21, pr\u00f3ximo ao Cruzeiro, em Camala\u00fa.<\/span><\/p>\n<p style=\"text-align: justify; background: white; margin: 0cm 0cm 7.5pt 0cm;\"><span style=\"font-size: 10.5pt; font-family: 'Helvetica',sans-serif; color: #1d2129;\">Ele era filho de <\/span><span style=\"font-size: 10.5pt; font-family: 'Helvetica',sans-serif; color: #333333;\">Toinho de D\u00e3o, de 41 anos, tamb\u00e9m assassinado h\u00e1 15 dias, <\/span><span style=\"font-size: 10.5pt; font-family: 'Helvetica',sans-serif; color: #1d2129;\">no s\u00edtio Floresta, em Camala\u00fa<\/span><span style=\"font-size: 10.5pt; font-family: 'Helvetica',sans-serif; color: #333333;\">.<\/span><\/p>\n<p style=\"background: white; box-sizing: border-box; transition-duration: 0.5s; font-variant-ligatures: normal; font-variant-caps: normal; orphans: 2; text-align: start; widows: 2; -webkit-text-stroke-width: 0px; text-decoration-style: initial; text-decoration-color: initial; word-spacing: 0px; margin: 4.5pt 0cm 4.5pt 0cm;\"><span style=\"font-size: 10.5pt; font-family: 'Helvetica',sans-serif; color: #1d2129;\">A Pol\u00edcia Civil que j\u00e1 vinha investigando o caso, agora poder\u00e1 investigar se o caso tem liga\u00e7\u00e3o com este homic\u00eddio. A PM aguarda o IML.<\/span><\/p>\n<p><strong>CARIRI EM A\u00c7\u00c3O<\/strong><\/p>\n<p>Leia mais not\u00edcias em\u00a0<a href=\"http:\/\/www.caririemacao.com\/\">caririemacao.com<\/a>, siga nossa p\u00e1gina no\u00a0<a href=\"https:\/\/www.facebook.com\/CaririEmAcao\/?ref=aymt_homepage_panel\">Facebook<\/a>,\u00a0<a href=\"https:\/\/www.instagram.com\/cariri_em_acao\/?hl=pt-br\">Instagram<\/a>\u00a0e\u00a0<a href=\"https:\/\/www.youtube.com\/channel\/UCAptA0jQuYQy8vMhLt2m4qg\">Youtube<\/a>\u00a0e veja nossas mat\u00e9rias, v\u00eddeos e fotos. Voc\u00ea tamb\u00e9m pode enviar informa\u00e7\u00f5es \u00e0 Reda\u00e7\u00e3o do Portal Cariri em A\u00e7\u00e3o pelo WhatsApp (83) 9 9634.5791, (83) 9 9601-1162.<\/p>\n","protected":false},"excerpt":{"rendered":"<p>Um homem conhecido como Mela Gato foi morto com v\u00e1rios tiros, na manh\u00e3 desta quarta-feira, dia 21, pr\u00f3ximo ao Cruzeiro, em Camala\u00fa. Ele era filho&hellip; <\/p>\n","protected":false},"author":2,"featured_media":41676,"comment_status":"closed","ping_status":"closed","sticky":false,"template":"","format":"standard","meta":{"sfsi_plus_gutenberg_text_before_share":"","sfsi_plus_gutenberg_show_text_before_share":"","sfsi_plus_gutenberg_icon_type":"","sfsi_plus_gutenberg_icon_alignemt":"","sfsi_plus_gutenburg_max_per_row":"","footnotes":""},"categories":[12],"tags":[],"class_list":["post-41675","post","type-post","status-publish","format-standard","has-post-thumbnail","hentry","category-policia"],"_links":{"self":[{"href":"https:\/\/www.caririemacao.com\/1\/wp-json\/wp\/v2\/posts\/41675","targetHints":{"allow":["GET"]}}],"collection":[{"href":"https:\/\/www.caririemacao.com\/1\/wp-json\/wp\/v2\/posts"}],"about":[{"href":"https:\/\/www.caririemacao.com\/1\/wp-json\/wp\/v2\/types\/post"}],"author":[{"embeddable":true,"href":"https:\/\/www.caririemacao.com\/1\/wp-json\/wp\/v2\/users\/2"}],"replies":[{"embeddable":true,"href":"https:\/\/www.caririemacao.com\/1\/wp-json\/wp\/v2\/comments?post=41675"}],"version-history":[{"count":0,"href":"https:\/\/www.caririemacao.com\/1\/wp-json\/wp\/v2\/posts\/41675\/revisions"}],"wp:featuredmedia":[{"embeddable":true,"href":"https:\/\/www.caririemacao.com\/1\/wp-json\/wp\/v2\/media\/41676"}],"wp:attachment":[{"href":"https:\/\/www.caririemacao.com\/1\/wp-json\/wp\/v2\/media?parent=41675"}],"wp:term":[{"taxonomy":"category","embeddable":true,"href":"https:\/\/www.caririemacao.com\/1\/wp-json\/wp\/v2\/categories?post=41675"},{"taxonomy":"post_tag","embeddable":true,"href":"https:\/\/www.caririemacao.com\/1\/wp-json\/wp\/v2\/tags?post=41675"}],"curies":[{"name":"wp","href":"https:\/\/api.w.org\/{rel}","templated":true}]}}