{"id":41678,"date":"2018-02-21T17:51:05","date_gmt":"2018-02-21T20:51:05","guid":{"rendered":"http:\/\/caririemacao.com\/1\/?p=41678"},"modified":"2018-02-21T18:27:28","modified_gmt":"2018-02-21T21:27:28","slug":"tj-garante-que-intervencao-no-rio-nao-tera-mandados-coletivos","status":"publish","type":"post","link":"https:\/\/www.caririemacao.com\/1\/2018\/02\/21\/tj-garante-que-intervencao-no-rio-nao-tera-mandados-coletivos\/","title":{"rendered":"TJ garante que interven\u00e7\u00e3o no Rio n\u00e3o ter\u00e1 mandados coletivos"},"content":{"rendered":"<p>O presidente do Tribunal de Justi\u00e7a do Estado do Rio, desembargador Milton Fernandes, garantiu nesta quarta-feira, 21, que durante a\u00a0interven\u00e7\u00e3o federal no Rio\u00a0n\u00e3o ser\u00e3o expedidos\u00a0mandados de busca e apreens\u00e3o coletivos. &#8220;Os mandados s\u00e3o para interven\u00e7\u00e3o em determinado local e em determinada situa\u00e7\u00e3o&#8221;, ele declarou \u00e0 r\u00e1dio CBN.<\/p>\n<p>O desembargador ressaltou que os mandados devem ter informa\u00e7\u00f5es precisas e que o objetivo \u00e9 que sejam assegurados os direitos individuais e o ordenamento jur\u00eddico. &#8220;O Judici\u00e1rio fluminense continuar\u00e1 decidindo sobre as quest\u00f5es referentes a crimes estaduais, incluindo o julgamento da progress\u00e3o penal de presos, que \u00e9 feito pela Vara de Execu\u00e7\u00f5es Penais&#8221;, acrescentou o TJ em nota.<\/p>\n<p>Na ter\u00e7a-feira, 20, Fernandes participou de uma reuni\u00e3o sobre a interven\u00e7\u00e3o com o ministro da Justi\u00e7a, Torquato Jardim, a advogada-geral da Uni\u00e3o, Grace Mendon\u00e7a, e o ministro-chefe do Gabinete de Seguran\u00e7a Institucional, general S\u00e9rgio Etchegoyen, e ficou acertado que os mandados de busca e apreens\u00e3o coletivos &#8211; medida defendida pelo ministro Raul Jungmann, da Defesa -, ser\u00e3o analisados caso a caso.<\/p>\n<p>&nbsp;<\/p>\n<p>Ao fim, Jardim garantiu que &#8220;ser\u00e3o assegurados todos os direitos e garantias fundamentais postos na Carta republicana&#8221;. Mas n\u00e3o descartou por completo que as opera\u00e7\u00f5es sejam baseadas em pedidos de busca e apreens\u00e3o contra alvos em grupo em favelas, identificados por nomes ou apelidos (caso de traficantes de drogas).<\/p>\n<p>O ministro disse que a indica\u00e7\u00e3o para a busca poder\u00e1 ser do &#8220;per\u00edmetro&#8221;, e n\u00e3o de um endere\u00e7o espec\u00edfico, por causa da configura\u00e7\u00e3o urban\u00edstica das comunidades cariocas.<\/p>\n<p><strong>CARIRI EM A\u00c7\u00c3O<\/strong><\/p>\n<p><em>Com Estad\u00e3o \/Foto: Reprodu\u00e7\u00e3o internet\u00a0<\/em><\/p>\n<p><strong>Leia mais not\u00edcias em\u00a0<\/strong><a href=\"http:\/\/www.caririemacao.com\/\"><strong>caririemacao.com<\/strong><\/a><strong>, siga nossa p\u00e1gina no\u00a0<\/strong><a href=\"https:\/\/www.facebook.com\/CaririEmAcao\/?ref=aymt_homepage_panel\"><strong>Facebook<\/strong><\/a>,<strong>\u00a0<\/strong><a href=\"https:\/\/www.instagram.com\/cariri_em_acao\/?hl=pt-br\"><strong>Instagram<\/strong><\/a><strong>\u00a0e <\/strong><a href=\"https:\/\/www.youtube.com\/channel\/UCAptA0jQuYQy8vMhLt2m4qg\"><strong>Youtube<\/strong><\/a><strong>\u00a0e veja nossas mat\u00e9rias, v\u00eddeos e fotos. Voc\u00ea tamb\u00e9m pode enviar informa\u00e7\u00f5es \u00e0 Reda\u00e7\u00e3o do Portal Cariri em A\u00e7\u00e3o pelo WhatsApp (83) 9 9634.5791, (83) 9 9601-1162.<\/strong><\/p>\n","protected":false},"excerpt":{"rendered":"<p>O presidente do Tribunal de Justi\u00e7a do Estado do Rio, desembargador Milton Fernandes, garantiu nesta quarta-feira, 21, que durante a\u00a0interven\u00e7\u00e3o federal no Rio\u00a0n\u00e3o ser\u00e3o expedidos\u00a0mandados&hellip; <\/p>\n","protected":false},"author":2,"featured_media":41679,"comment_status":"closed","ping_status":"closed","sticky":false,"template":"","format":"standard","meta":{"sfsi_plus_gutenberg_text_before_share":"","sfsi_plus_gutenberg_show_text_before_share":"","sfsi_plus_gutenberg_icon_type":"","sfsi_plus_gutenberg_icon_alignemt":"","sfsi_plus_gutenburg_max_per_row":"","footnotes":""},"categories":[2],"tags":[],"class_list":["post-41678","post","type-post","status-publish","format-standard","has-post-thumbnail","hentry","category-geral"],"_links":{"self":[{"href":"https:\/\/www.caririemacao.com\/1\/wp-json\/wp\/v2\/posts\/41678","targetHints":{"allow":["GET"]}}],"collection":[{"href":"https:\/\/www.caririemacao.com\/1\/wp-json\/wp\/v2\/posts"}],"about":[{"href":"https:\/\/www.caririemacao.com\/1\/wp-json\/wp\/v2\/types\/post"}],"author":[{"embeddable":true,"href":"https:\/\/www.caririemacao.com\/1\/wp-json\/wp\/v2\/users\/2"}],"replies":[{"embeddable":true,"href":"https:\/\/www.caririemacao.com\/1\/wp-json\/wp\/v2\/comments?post=41678"}],"version-history":[{"count":0,"href":"https:\/\/www.caririemacao.com\/1\/wp-json\/wp\/v2\/posts\/41678\/revisions"}],"wp:featuredmedia":[{"embeddable":true,"href":"https:\/\/www.caririemacao.com\/1\/wp-json\/wp\/v2\/media\/41679"}],"wp:attachment":[{"href":"https:\/\/www.caririemacao.com\/1\/wp-json\/wp\/v2\/media?parent=41678"}],"wp:term":[{"taxonomy":"category","embeddable":true,"href":"https:\/\/www.caririemacao.com\/1\/wp-json\/wp\/v2\/categories?post=41678"},{"taxonomy":"post_tag","embeddable":true,"href":"https:\/\/www.caririemacao.com\/1\/wp-json\/wp\/v2\/tags?post=41678"}],"curies":[{"name":"wp","href":"https:\/\/api.w.org\/{rel}","templated":true}]}}