{"id":41681,"date":"2018-02-21T18:00:17","date_gmt":"2018-02-21T21:00:17","guid":{"rendered":"http:\/\/caririemacao.com\/1\/?p=41681"},"modified":"2018-02-21T18:00:17","modified_gmt":"2018-02-21T21:00:17","slug":"tres-sao-presos-de-matar-e-ocultar-cadaver-de-jovem-desaparecido","status":"publish","type":"post","link":"https:\/\/www.caririemacao.com\/1\/2018\/02\/21\/tres-sao-presos-de-matar-e-ocultar-cadaver-de-jovem-desaparecido\/","title":{"rendered":"Tr\u00eas s\u00e3o presos de matar e ocultar cad\u00e1ver de jovem desaparecido"},"content":{"rendered":"<p>A Pol\u00edcia Civil cumpriu mandado de pris\u00e3o expedido pelo Poder Judici\u00e1rio e prendeu, na noite dessa ter\u00e7a-feira (20), e prendeu tr\u00eas suspeitos de matar e ocultar o cad\u00e1ver de um jovem de 13 anos, desaparecido em 24 julho de 2016. Os presos t\u00eam 28, 19 e 30 anos.<\/p>\n<p>De acordo com informa\u00e7\u00f5es do delegado Alexandre Fernandes, as investiga\u00e7\u00f5es policiais tiveram in\u00edcio logo ap\u00f3s o registro feito por familiares da ocorr\u00eancia do desaparecimento do referido adolescente. Durante buscas, a pol\u00edcia localizou dentro de um canavial em Santa Rita, no dia 30 de setembro do mesmo ano, restos mortais de uma pessoa com as mesmas caracter\u00edsticas do adolescente desaparecido. Ap\u00f3s exame de DNA, realizado pelo Instituto de Medicina Legal da capital, ficou constatado que se tratava do jovem.<\/p>\n<p>Ainda de acordo com informa\u00e7\u00f5es policiais, o trio era respons\u00e1vel por uma boca de fumo e na casa da m\u00e3e de um dos suspeitos, que era padrasto da v\u00edtima, eram guardadas armas para o uso de crimes naquela regi\u00e3o. Durante depoimento, o suspeito alegou que o adolescente tinha subtra\u00eddo uma arma de fogo pertencente ao grupo. Isso teria quebrado a confian\u00e7a do grupo que planejou desaparecer com o adolescente, criando uma hist\u00f3ria de que ele tinha praticado um assalto e, em seguida sido morto. Contudo, ap\u00f3s investiga\u00e7\u00e3o policial, o caso foi esclarecido.<\/p>\n<p>A pris\u00e3o se deu por meio de informa\u00e7\u00f5es repassadas pelo telefone 197, Disque Den\u00fancia da Secretaria de Seguran\u00e7a e Defesa Social da Para\u00edba. Uma suspeita foi presa em Tibiri, enquanto os outros dois foram autuados no Pres\u00eddio Padr\u00e3o de Santa Rita, onde j\u00e1 se encontram presos respondendo pelos crimes de homic\u00eddio, tr\u00e1fico de drogas e associa\u00e7\u00e3o para o tr\u00e1fico. O trio deve aguardar audi\u00eancia de cust\u00f3dia, ficando \u00e0 disposi\u00e7\u00e3o da Justi\u00e7a.<\/p>\n<p><strong>CARIRI EM A\u00c7\u00c3O<\/strong><\/p>\n<p><em>Com Portal\u00a0Correio \/Foto: Reprodu\u00e7\u00e3o Internet<\/em><\/p>\n<p><strong>Leia mais not\u00edcias em\u00a0<\/strong><a href=\"http:\/\/www.caririemacao.com\/\"><strong>caririemacao.com<\/strong><\/a><strong>, siga nossa p\u00e1gina no\u00a0<\/strong><a href=\"https:\/\/www.facebook.com\/CaririEmAcao\/?ref=aymt_homepage_panel\"><strong>Facebook<\/strong><\/a>,<strong>\u00a0<\/strong><a href=\"https:\/\/www.instagram.com\/cariri_em_acao\/?hl=pt-br\"><strong>Instagram<\/strong><\/a><strong>\u00a0e <\/strong><a href=\"https:\/\/www.youtube.com\/channel\/UCAptA0jQuYQy8vMhLt2m4qg\"><strong>Youtube<\/strong><\/a><strong>\u00a0e veja nossas mat\u00e9rias, v\u00eddeos e fotos. Voc\u00ea tamb\u00e9m pode enviar informa\u00e7\u00f5es \u00e0 Reda\u00e7\u00e3o do Portal Cariri em A\u00e7\u00e3o pelo WhatsApp (83) 9 9634.5791, (83) 9 9601-1162.<\/strong><\/p>\n","protected":false},"excerpt":{"rendered":"<p>A Pol\u00edcia Civil cumpriu mandado de pris\u00e3o expedido pelo Poder Judici\u00e1rio e prendeu, na noite dessa ter\u00e7a-feira (20), e prendeu tr\u00eas suspeitos de matar e&hellip; <\/p>\n","protected":false},"author":2,"featured_media":23807,"comment_status":"closed","ping_status":"closed","sticky":false,"template":"","format":"standard","meta":{"sfsi_plus_gutenberg_text_before_share":"","sfsi_plus_gutenberg_show_text_before_share":"","sfsi_plus_gutenberg_icon_type":"","sfsi_plus_gutenberg_icon_alignemt":"","sfsi_plus_gutenburg_max_per_row":"","footnotes":""},"categories":[12],"tags":[],"class_list":["post-41681","post","type-post","status-publish","format-standard","has-post-thumbnail","hentry","category-policia"],"_links":{"self":[{"href":"https:\/\/www.caririemacao.com\/1\/wp-json\/wp\/v2\/posts\/41681","targetHints":{"allow":["GET"]}}],"collection":[{"href":"https:\/\/www.caririemacao.com\/1\/wp-json\/wp\/v2\/posts"}],"about":[{"href":"https:\/\/www.caririemacao.com\/1\/wp-json\/wp\/v2\/types\/post"}],"author":[{"embeddable":true,"href":"https:\/\/www.caririemacao.com\/1\/wp-json\/wp\/v2\/users\/2"}],"replies":[{"embeddable":true,"href":"https:\/\/www.caririemacao.com\/1\/wp-json\/wp\/v2\/comments?post=41681"}],"version-history":[{"count":0,"href":"https:\/\/www.caririemacao.com\/1\/wp-json\/wp\/v2\/posts\/41681\/revisions"}],"wp:featuredmedia":[{"embeddable":true,"href":"https:\/\/www.caririemacao.com\/1\/wp-json\/wp\/v2\/media\/23807"}],"wp:attachment":[{"href":"https:\/\/www.caririemacao.com\/1\/wp-json\/wp\/v2\/media?parent=41681"}],"wp:term":[{"taxonomy":"category","embeddable":true,"href":"https:\/\/www.caririemacao.com\/1\/wp-json\/wp\/v2\/categories?post=41681"},{"taxonomy":"post_tag","embeddable":true,"href":"https:\/\/www.caririemacao.com\/1\/wp-json\/wp\/v2\/tags?post=41681"}],"curies":[{"name":"wp","href":"https:\/\/api.w.org\/{rel}","templated":true}]}}