{"id":41700,"date":"2018-02-21T20:32:08","date_gmt":"2018-02-21T23:32:08","guid":{"rendered":"http:\/\/caririemacao.com\/1\/?p=41700"},"modified":"2018-02-21T20:55:25","modified_gmt":"2018-02-21T23:55:25","slug":"ordem-de-servico-e-assinada-em-sao-sebastiao-do-umbuzeiro-para-a-construcao-e-instalacao-de-dois-dessalinizadores-na-zona-rural","status":"publish","type":"post","link":"https:\/\/www.caririemacao.com\/1\/2018\/02\/21\/ordem-de-servico-e-assinada-em-sao-sebastiao-do-umbuzeiro-para-a-construcao-e-instalacao-de-dois-dessalinizadores-na-zona-rural\/","title":{"rendered":"Ordem de servi\u00e7o \u00e9 assinada em S\u00e3o Sebasti\u00e3o do Umbuzeiro para a constru\u00e7\u00e3o e instala\u00e7\u00e3o de dois dessalinizadores"},"content":{"rendered":"<p>Nesta quarta-feira (21), foi assinada na zona rural de S\u00e3o Sebasti\u00e3o do Umbuzeiro, a ordem de servi\u00e7o para a constru\u00e7\u00e3o e instala\u00e7\u00e3o de dois dessalinizadores do Programa \u00c1gua Doce, em parceria com o Governo do Estado.<\/p>\n<p>As ordens de servi\u00e7os foram assinadas no Assentamento Boas Sorte, que ir\u00e1 beneficiar as comunidades dos Assentamentos Maria Bonita e Juazeiro e no sitio Santo Ant\u00f4nio, que ir\u00e1 beneficiar as comunidades da M\u00e3o Beijada, Assentamento Riacho dos Pratos e adjac\u00eancias, que passar\u00e1 a contar com \u00e1gua doce de qualidade para o consumo humano.<\/p>\n<p>O prefeito Adriano Wolff, comemorou as assinaturas das ordens de servi\u00e7os \u00a0do sistema de abastecimento de \u00e1gua nas comunidades rurais, que vai garantir melhor qualidade de vida \u00e0s fam\u00edlias da regi\u00e3o.<\/p>\n<p>\u201cO Programa \u00c1gua Doce \u00e9 um sonho, significa uma qualidade de vida muito maior para a nossa popula\u00e7\u00e3o rural. \u00c9 uma das maiores benfeitorias que o nosso governo em parceria com o Governo do Estado, poderia trazer para estas comunidades\u201d, disse o prefeito.<\/p>\n<p>Participaram das assinaturas o vereador Ja\u00edlson Freitas, que representou o prefeito Adriano Wolf, que est\u00e1 em Jo\u00e3o Pessoa em busca de recursos para o munic\u00edpio, o secret\u00e1rio de Agricultura Diego Elesb\u00e3o, Manoel, que \u00e9 da Empresa que ir\u00e1 executar os servi\u00e7os e \u00a0os t\u00e9cnicos Felipe Bezerra e Robi Tabolka do \u00a0Programa \u00c1gua Doce.<\/p>\n<p><strong>CARIRI EM A\u00c7\u00c3O<\/strong><\/p>\n<p><em>Com Blog do Didi\/Foto:Didi<\/em><\/p>\n<p><strong>Leia mais not\u00edcias em\u00a0<\/strong><a href=\"http:\/\/www.caririemacao.com\/\"><strong>caririemacao.com<\/strong><\/a><strong>, siga nossa p\u00e1gina no\u00a0<\/strong><a href=\"https:\/\/www.facebook.com\/CaririEmAcao\/?ref=aymt_homepage_panel\"><strong>Facebook<\/strong><\/a>,<strong>\u00a0<\/strong><a href=\"https:\/\/www.instagram.com\/cariri_em_acao\/?hl=pt-br\"><strong>Instagram<\/strong><\/a><strong>\u00a0e <\/strong><a href=\"https:\/\/www.youtube.com\/channel\/UCAptA0jQuYQy8vMhLt2m4qg\"><strong>Youtube<\/strong><\/a><strong>\u00a0e veja nossas mat\u00e9rias, v\u00eddeos e fotos. Voc\u00ea tamb\u00e9m pode enviar informa\u00e7\u00f5es \u00e0 Reda\u00e7\u00e3o do Portal Cariri em A\u00e7\u00e3o pelo WhatsApp (83) 9 9634.5791, (83) 9 9601-1162.<\/strong><\/p>\n","protected":false},"excerpt":{"rendered":"<p>Nesta quarta-feira (21), foi assinada na zona rural de S\u00e3o Sebasti\u00e3o do Umbuzeiro, a ordem de servi\u00e7o para a constru\u00e7\u00e3o e instala\u00e7\u00e3o de dois dessalinizadores&hellip; <\/p>\n","protected":false},"author":2,"featured_media":41702,"comment_status":"closed","ping_status":"closed","sticky":false,"template":"","format":"standard","meta":{"sfsi_plus_gutenberg_text_before_share":"","sfsi_plus_gutenberg_show_text_before_share":"","sfsi_plus_gutenberg_icon_type":"","sfsi_plus_gutenberg_icon_alignemt":"","sfsi_plus_gutenburg_max_per_row":"","footnotes":""},"categories":[2],"tags":[],"class_list":["post-41700","post","type-post","status-publish","format-standard","has-post-thumbnail","hentry","category-geral"],"_links":{"self":[{"href":"https:\/\/www.caririemacao.com\/1\/wp-json\/wp\/v2\/posts\/41700","targetHints":{"allow":["GET"]}}],"collection":[{"href":"https:\/\/www.caririemacao.com\/1\/wp-json\/wp\/v2\/posts"}],"about":[{"href":"https:\/\/www.caririemacao.com\/1\/wp-json\/wp\/v2\/types\/post"}],"author":[{"embeddable":true,"href":"https:\/\/www.caririemacao.com\/1\/wp-json\/wp\/v2\/users\/2"}],"replies":[{"embeddable":true,"href":"https:\/\/www.caririemacao.com\/1\/wp-json\/wp\/v2\/comments?post=41700"}],"version-history":[{"count":0,"href":"https:\/\/www.caririemacao.com\/1\/wp-json\/wp\/v2\/posts\/41700\/revisions"}],"wp:featuredmedia":[{"embeddable":true,"href":"https:\/\/www.caririemacao.com\/1\/wp-json\/wp\/v2\/media\/41702"}],"wp:attachment":[{"href":"https:\/\/www.caririemacao.com\/1\/wp-json\/wp\/v2\/media?parent=41700"}],"wp:term":[{"taxonomy":"category","embeddable":true,"href":"https:\/\/www.caririemacao.com\/1\/wp-json\/wp\/v2\/categories?post=41700"},{"taxonomy":"post_tag","embeddable":true,"href":"https:\/\/www.caririemacao.com\/1\/wp-json\/wp\/v2\/tags?post=41700"}],"curies":[{"name":"wp","href":"https:\/\/api.w.org\/{rel}","templated":true}]}}