{"id":41708,"date":"2018-02-21T20:37:07","date_gmt":"2018-02-21T23:37:07","guid":{"rendered":"http:\/\/caririemacao.com\/1\/?p=41708"},"modified":"2018-02-21T20:37:07","modified_gmt":"2018-02-21T23:37:07","slug":"secretaria-da-educacao-de-caraubas-reune-pais-e-professores-e-anuncia-inicio-do-ano-letivo","status":"publish","type":"post","link":"https:\/\/www.caririemacao.com\/1\/2018\/02\/21\/secretaria-da-educacao-de-caraubas-reune-pais-e-professores-e-anuncia-inicio-do-ano-letivo\/","title":{"rendered":"Secretaria da Educa\u00e7\u00e3o de Cara\u00fabas re\u00fane pais e professores e anuncia inicio do ano letivo"},"content":{"rendered":"<p>A Prefeitura Municipal de Cara\u00fabas atrav\u00e9s da Secretaria da Educa\u00e7\u00e3o realizou na \u00faltima quinta-feira reuni\u00e3o com professores e pais de alunos da rede municipal de ensino com o objetivo de anunciar o calend\u00e1rio do ano letivo de 2018 e as mudan\u00e7as com rela\u00e7\u00e3o ao ano passado.<\/p>\n<p>De acordo com a secret\u00e1ria da educa\u00e7\u00e3o, professora Gracilene Aquino, o ano letivo da rede municipal se iniciar\u00e1 no pr\u00f3ximo dia 26 de Fevereiro e contar\u00e1 com 200 (duzentos) dias letivos. A grande novidade deste ano \u00e9 a aquisi\u00e7\u00e3o de novos fardamentos escolares para todos os alunos do munic\u00edpio. Ser\u00e3o distribu\u00eddos ainda, kits estudantis que se encontram em processo de licita\u00e7\u00e3o.<\/p>\n<p>Na reuni\u00e3o com os pais ficou determinado que n\u00e3o ser\u00e1 permitido o uso de celulares por parte do alunos durante o per\u00edodo de aula com o objetivo de evitar problemas na aprendizagem do alunado. Um dos pontos tamb\u00e9m abordado na reuni\u00e3o foi a cobran\u00e7a de uma maior participa\u00e7\u00e3o dos pais na vida escolar dos filhos e da escola.<\/p>\n<p>A secret\u00e1ria da educa\u00e7\u00e3o tamb\u00e9m confirmou que caso haja necessidade haver\u00e1 reposi\u00e7\u00e3o das aulas, uma vez que esse ano teremos alguns eventos at\u00edpicos como a realiza\u00e7\u00e3o da Copa do Mundo de futebol e as elei\u00e7\u00f5es majorit\u00e1rias para presidente e governador.<\/p>\n<p>Este ano a rede municipal de ensino conta com 700 (setecentos) alunos matriculados no ensino infantil e fundamental. Foram apresentados ainda durante a reuni\u00e3o as divis\u00f5es das turmas e os professores que compor\u00e3o o quadro de servidores para o presente exerc\u00edcio. Finalizando a reuni\u00e3o a secret\u00e1ria Gracilene convocou os pais para vivenciarem uma experi\u00eancia nova se aproximando mais da vida acad\u00eamica.<\/p>\n<p><strong>CARIRI EM A\u00c7\u00c3O<\/strong><\/p>\n<p><em>Com Seplacom\/<\/em><em>Foto:<\/em><em>Arquivo Secom\u00a0<\/em><\/p>\n<p><strong>Leia mais not\u00edcias em\u00a0<\/strong><a href=\"http:\/\/www.caririemacao.com\/\"><strong>caririemacao.com<\/strong><\/a><strong>, siga nossa p\u00e1gina no\u00a0<\/strong><a href=\"https:\/\/www.facebook.com\/CaririEmAcao\/?ref=aymt_homepage_panel\"><strong>Facebook<\/strong><\/a>,<strong>\u00a0<\/strong><a href=\"https:\/\/www.instagram.com\/cariri_em_acao\/?hl=pt-br\"><strong>Instagram<\/strong><\/a><strong>\u00a0e <\/strong><a href=\"https:\/\/www.youtube.com\/channel\/UCAptA0jQuYQy8vMhLt2m4qg\"><strong>Youtube<\/strong><\/a><strong>\u00a0e veja nossas mat\u00e9rias, v\u00eddeos e fotos. Voc\u00ea tamb\u00e9m pode enviar informa\u00e7\u00f5es \u00e0 Reda\u00e7\u00e3o do Portal Cariri em A\u00e7\u00e3o pelo WhatsApp (83) 9 9634.5791, (83) 9 9601-1162.<\/strong><\/p>\n","protected":false},"excerpt":{"rendered":"<p>A Prefeitura Municipal de Cara\u00fabas atrav\u00e9s da Secretaria da Educa\u00e7\u00e3o realizou na \u00faltima quinta-feira reuni\u00e3o com professores e pais de alunos da rede municipal de&hellip; <\/p>\n","protected":false},"author":2,"featured_media":41710,"comment_status":"closed","ping_status":"closed","sticky":false,"template":"","format":"standard","meta":{"sfsi_plus_gutenberg_text_before_share":"","sfsi_plus_gutenberg_show_text_before_share":"","sfsi_plus_gutenberg_icon_type":"","sfsi_plus_gutenberg_icon_alignemt":"","sfsi_plus_gutenburg_max_per_row":"","footnotes":""},"categories":[14],"tags":[],"class_list":["post-41708","post","type-post","status-publish","format-standard","has-post-thumbnail","hentry","category-educacao"],"_links":{"self":[{"href":"https:\/\/www.caririemacao.com\/1\/wp-json\/wp\/v2\/posts\/41708","targetHints":{"allow":["GET"]}}],"collection":[{"href":"https:\/\/www.caririemacao.com\/1\/wp-json\/wp\/v2\/posts"}],"about":[{"href":"https:\/\/www.caririemacao.com\/1\/wp-json\/wp\/v2\/types\/post"}],"author":[{"embeddable":true,"href":"https:\/\/www.caririemacao.com\/1\/wp-json\/wp\/v2\/users\/2"}],"replies":[{"embeddable":true,"href":"https:\/\/www.caririemacao.com\/1\/wp-json\/wp\/v2\/comments?post=41708"}],"version-history":[{"count":0,"href":"https:\/\/www.caririemacao.com\/1\/wp-json\/wp\/v2\/posts\/41708\/revisions"}],"wp:featuredmedia":[{"embeddable":true,"href":"https:\/\/www.caririemacao.com\/1\/wp-json\/wp\/v2\/media\/41710"}],"wp:attachment":[{"href":"https:\/\/www.caririemacao.com\/1\/wp-json\/wp\/v2\/media?parent=41708"}],"wp:term":[{"taxonomy":"category","embeddable":true,"href":"https:\/\/www.caririemacao.com\/1\/wp-json\/wp\/v2\/categories?post=41708"},{"taxonomy":"post_tag","embeddable":true,"href":"https:\/\/www.caririemacao.com\/1\/wp-json\/wp\/v2\/tags?post=41708"}],"curies":[{"name":"wp","href":"https:\/\/api.w.org\/{rel}","templated":true}]}}