{"id":41712,"date":"2018-02-21T20:46:17","date_gmt":"2018-02-21T23:46:17","guid":{"rendered":"http:\/\/caririemacao.com\/1\/?p=41712"},"modified":"2018-02-21T20:46:17","modified_gmt":"2018-02-21T23:46:17","slug":"mpf-em-campina-grande-pede-prisao-de-pai-e-filho-condenados-por-trabalho-escravo","status":"publish","type":"post","link":"https:\/\/www.caririemacao.com\/1\/2018\/02\/21\/mpf-em-campina-grande-pede-prisao-de-pai-e-filho-condenados-por-trabalho-escravo\/","title":{"rendered":"MPF em Campina Grande pede pris\u00e3o de pai e filho condenados por trabalho escravo"},"content":{"rendered":"<p class=\"western\">O Minist\u00e9rio P\u00fablico Federal (MPF) em Campina Grande (PB) pediu, nesta quarta-feira (21), que a Justi\u00e7a Federal expe\u00e7a mandados de pris\u00e3o contra Marcelo Renato Arruda e seu filho George Luis Arruda. Ambos foram condenados pela pr\u00e1tica do crime de redu\u00e7\u00e3o a condi\u00e7\u00e3o an\u00e1loga \u00e0 de escravo, tendo como v\u00edtimas 30 trabalhadores. Eles s\u00e3o propriet\u00e1rios da Jo\u00e3o Arruda Constru\u00e7\u00f5es e Minera\u00e7\u00e3o &#8211; empresa localizada no munic\u00edpio de Boa Vista, no Cariri do estado &#8211; e da companhia de minera\u00e7\u00e3o Dolomil &#8211; situada em Campina Grande.<\/p>\n<p class=\"western\">Pai e filho foram condenados em segunda inst\u00e2ncia, tendo as penas aumentadas pelo Tribunal Regional Federal (TRF) da 5\u00aa Regi\u00e3o, em Recife, a pedido do MPF. Marcelo foi condenado \u00e0 pena privativa de liberdade de 4 anos, 4 meses e 15 dias de reclus\u00e3o, em regime inicial semiaberto, al\u00e9m de R$ 239.700 de multa; e George \u00e0 pena privativa de liberdade de 5 anos e 3 meses de reclus\u00e3o, em regime inicial semiaberto, al\u00e9m de R$ 57.120 de multa.<\/p>\n<p>O aumento das penas pelo TRF, com parcial provimento \u00e0 apela\u00e7\u00e3o do MPF, inviabilizou a substitui\u00e7\u00e3o das penas privativas de liberdade por restritivas de direito. Na apela\u00e7\u00e3o, o Minist\u00e9rio P\u00fablico Federal argumentou que as penas deveriam ser maiores porque, mesmo os r\u00e9us sendo donos de uma empresa de equipamentos de prote\u00e7\u00e3o individual, os trabalhadores da minera\u00e7\u00e3o n\u00e3o tinham acesso aos equipamentos adequados.<\/p>\n<p><strong>Trabalho escravo &#8211;<\/strong>\u00a0Segundo relat\u00f3rio de fiscaliza\u00e7\u00e3o de auditores do Minist\u00e9rio do Trabalho e Emprego, as irregularidades que indicaram a situa\u00e7\u00e3o degradante a que os trabalhadores estavam submetidos foram agrupadas em cinco conjuntos principais: \u00e1gua para consumo pessoal, alojamento, condi\u00e7\u00f5es sanit\u00e1rias e de higiene, alimenta\u00e7\u00e3o e condi\u00e7\u00f5es de trabalho. Os direitos trabalhistas tamb\u00e9m n\u00e3o eram respeitados.<\/p>\n<p><strong><a href=\"http:\/\/www.mpf.mp.br\/pb\/sala-de-imprensa\/docs\/manifestacao-768-2018-do-mpf-em-campina-grande\/view\" target=\"_self\">Confira a Manifesta\u00e7\u00e3o 768\/2018 do MPF em Campina Grande<\/a><\/strong><\/p>\n<p><strong>Processo n\u00ba<\/strong>\u00a00001289-02.2015.4.05.8201<\/p>\n<p><strong>CARIRI EM A\u00c7\u00c3O<\/strong><\/p>\n<p><em>Com\u00a0Ascom da Procuradoria da Rep\u00fablica na Para\u00edba \/Foto: Reprodu\u00e7\u00e3o Internet,<\/em><\/p>\n<p><strong>Leia mais not\u00edcias em\u00a0<\/strong><a href=\"http:\/\/www.caririemacao.com\/\"><strong>caririemacao.com<\/strong><\/a><strong>, siga nossa p\u00e1gina no\u00a0<\/strong><a href=\"https:\/\/www.facebook.com\/CaririEmAcao\/?ref=aymt_homepage_panel\"><strong>Facebook<\/strong><\/a>,<strong>\u00a0<\/strong><a href=\"https:\/\/www.instagram.com\/cariri_em_acao\/?hl=pt-br\"><strong>Instagram<\/strong><\/a><strong>\u00a0e <\/strong><a href=\"https:\/\/www.youtube.com\/channel\/UCAptA0jQuYQy8vMhLt2m4qg\"><strong>Youtube<\/strong><\/a><strong>\u00a0e veja nossas mat\u00e9rias, v\u00eddeos e fotos. Voc\u00ea tamb\u00e9m pode enviar informa\u00e7\u00f5es \u00e0 Reda\u00e7\u00e3o do Portal Cariri em A\u00e7\u00e3o pelo WhatsApp (83) 9 9634.5791, (83) 9 9601-1162.<\/strong><\/p>\n","protected":false},"excerpt":{"rendered":"<p>O Minist\u00e9rio P\u00fablico Federal (MPF) em Campina Grande (PB) pediu, nesta quarta-feira (21), que a Justi\u00e7a Federal expe\u00e7a mandados de pris\u00e3o contra Marcelo Renato Arruda&hellip; <\/p>\n","protected":false},"author":2,"featured_media":41713,"comment_status":"closed","ping_status":"closed","sticky":false,"template":"","format":"standard","meta":{"sfsi_plus_gutenberg_text_before_share":"","sfsi_plus_gutenberg_show_text_before_share":"","sfsi_plus_gutenberg_icon_type":"","sfsi_plus_gutenberg_icon_alignemt":"","sfsi_plus_gutenburg_max_per_row":"","footnotes":""},"categories":[2],"tags":[],"class_list":["post-41712","post","type-post","status-publish","format-standard","has-post-thumbnail","hentry","category-geral"],"_links":{"self":[{"href":"https:\/\/www.caririemacao.com\/1\/wp-json\/wp\/v2\/posts\/41712","targetHints":{"allow":["GET"]}}],"collection":[{"href":"https:\/\/www.caririemacao.com\/1\/wp-json\/wp\/v2\/posts"}],"about":[{"href":"https:\/\/www.caririemacao.com\/1\/wp-json\/wp\/v2\/types\/post"}],"author":[{"embeddable":true,"href":"https:\/\/www.caririemacao.com\/1\/wp-json\/wp\/v2\/users\/2"}],"replies":[{"embeddable":true,"href":"https:\/\/www.caririemacao.com\/1\/wp-json\/wp\/v2\/comments?post=41712"}],"version-history":[{"count":0,"href":"https:\/\/www.caririemacao.com\/1\/wp-json\/wp\/v2\/posts\/41712\/revisions"}],"wp:featuredmedia":[{"embeddable":true,"href":"https:\/\/www.caririemacao.com\/1\/wp-json\/wp\/v2\/media\/41713"}],"wp:attachment":[{"href":"https:\/\/www.caririemacao.com\/1\/wp-json\/wp\/v2\/media?parent=41712"}],"wp:term":[{"taxonomy":"category","embeddable":true,"href":"https:\/\/www.caririemacao.com\/1\/wp-json\/wp\/v2\/categories?post=41712"},{"taxonomy":"post_tag","embeddable":true,"href":"https:\/\/www.caririemacao.com\/1\/wp-json\/wp\/v2\/tags?post=41712"}],"curies":[{"name":"wp","href":"https:\/\/api.w.org\/{rel}","templated":true}]}}