{"id":41715,"date":"2018-02-21T20:48:53","date_gmt":"2018-02-21T23:48:53","guid":{"rendered":"http:\/\/caririemacao.com\/1\/?p=41715"},"modified":"2018-02-21T20:52:49","modified_gmt":"2018-02-21T23:52:49","slug":"prefeita-cumpre-agenda-em-brasilia-em-busca-de-recursos-para-o-municipio-de-ouro-velho","status":"publish","type":"post","link":"https:\/\/www.caririemacao.com\/1\/2018\/02\/21\/prefeita-cumpre-agenda-em-brasilia-em-busca-de-recursos-para-o-municipio-de-ouro-velho\/","title":{"rendered":"Prefeita cumpre agenda em Bras\u00edlia em busca de recursos para Ouro Velho"},"content":{"rendered":"<p>A prefeita de Ouro Velho, Nat\u00e1lia de Dr. J\u00fanior, realizou uma s\u00e9rie de visitas em Bras\u00edlia durante esta semana, buscando fortalecer as parcerias com o Governo Federal e com os deputado federal e Senadores para realiza\u00e7\u00e3o de mais a\u00e7\u00f5es no munic\u00edpio.<\/p>\n<p><a href=\"http:\/\/caririemacao.com\/1\/wp-content\/uploads\/2018\/02\/WhatsApp-Image-2018-02-21-at-18.39.16.jpeg\"><img fetchpriority=\"high\" decoding=\"async\" class=\"aligncenter size-full wp-image-41717\" src=\"http:\/\/caririemacao.com\/1\/wp-content\/uploads\/2018\/02\/WhatsApp-Image-2018-02-21-at-18.39.16.jpeg\" alt=\"\" width=\"1280\" height=\"852\" srcset=\"https:\/\/www.caririemacao.com\/1\/wp-content\/uploads\/2018\/02\/WhatsApp-Image-2018-02-21-at-18.39.16.jpeg 1280w, https:\/\/www.caririemacao.com\/1\/wp-content\/uploads\/2018\/02\/WhatsApp-Image-2018-02-21-at-18.39.16-300x200.jpeg 300w, https:\/\/www.caririemacao.com\/1\/wp-content\/uploads\/2018\/02\/WhatsApp-Image-2018-02-21-at-18.39.16-768x511.jpeg 768w, https:\/\/www.caririemacao.com\/1\/wp-content\/uploads\/2018\/02\/WhatsApp-Image-2018-02-21-at-18.39.16-1024x682.jpeg 1024w\" sizes=\"(max-width: 1280px) 100vw, 1280px\" \/><\/a><\/p>\n<p>Na Capital Federal, Nat\u00e1lia, ao lado do seu esposo Dr. J\u00fanior, e do presidente da C\u00e2mara Municipal, o vereador Erivonaldo Lopes, mantiveram reuni\u00f5es com o deputado federal, R\u00f4mulo Gouveia (PSD), e com os senadores, C\u00e1ssio Cunha Lima (PSDB) e Raimundo Lira (MDB).<\/p>\n<p><a href=\"http:\/\/caririemacao.com\/1\/wp-content\/uploads\/2018\/02\/WhatsApp-Image-2018-02-21-at-09.32.57-2.jpeg\"><img decoding=\"async\" class=\"aligncenter size-full wp-image-41718 lazyload\" data-src=\"http:\/\/caririemacao.com\/1\/wp-content\/uploads\/2018\/02\/WhatsApp-Image-2018-02-21-at-09.32.57-2.jpeg\" alt=\"\" width=\"1280\" height=\"960\" data-srcset=\"https:\/\/www.caririemacao.com\/1\/wp-content\/uploads\/2018\/02\/WhatsApp-Image-2018-02-21-at-09.32.57-2.jpeg 1280w, https:\/\/www.caririemacao.com\/1\/wp-content\/uploads\/2018\/02\/WhatsApp-Image-2018-02-21-at-09.32.57-2-300x225.jpeg 300w, https:\/\/www.caririemacao.com\/1\/wp-content\/uploads\/2018\/02\/WhatsApp-Image-2018-02-21-at-09.32.57-2-768x576.jpeg 768w, https:\/\/www.caririemacao.com\/1\/wp-content\/uploads\/2018\/02\/WhatsApp-Image-2018-02-21-at-09.32.57-2-1024x768.jpeg 1024w\" data-sizes=\"(max-width: 1280px) 100vw, 1280px\" src=\"data:image\/svg+xml;base64,PHN2ZyB3aWR0aD0iMSIgaGVpZ2h0PSIxIiB4bWxucz0iaHR0cDovL3d3dy53My5vcmcvMjAwMC9zdmciPjwvc3ZnPg==\" style=\"--smush-placeholder-width: 1280px; --smush-placeholder-aspect-ratio: 1280\/960;\" \/><\/a><\/p>\n<p>Na pauta, constaram a libera\u00e7\u00e3o de emendas para o munic\u00edpio, bem como, a libera\u00e7\u00e3o de recursos para dar continuidade as a\u00e7\u00f5es no munic\u00edpio. Nat\u00e1lia afirmou que o foco do seu governo \u00e9 trazer mais melhorias ao munic\u00edpio.<\/p>\n<p>\u201cVamos dar continuidade nas obras que est\u00e3o em andamento mais n\u00e3o vamos parar por ai n\u00e3o, vamos estar sempre indo a Bras\u00edlia, indo a Jo\u00e3o Pessoa, onde for preciso, mais vamos fazer o nosso melhor porque o nosso povo ourovelhense merece uma cidade bonita e organizada. Continuaremos lutando por uma sa\u00fade e educa\u00e7\u00e3o cada vez melhor\u201d, comentou.<\/p>\n<p><strong>CARIRI EM A\u00c7\u00c3O<\/strong><\/p>\n<p>Reda\u00e7\u00e3o Cariri em A\u00e7\u00e3o<\/p>\n<p>Fotos: Assessoria<\/p>\n<p><strong>Leia mais not\u00edcias em\u00a0<\/strong><a href=\"http:\/\/www.caririemacao.com\/\"><strong>caririemacao.com<\/strong><\/a><strong>, siga nossa p\u00e1gina no\u00a0<\/strong><a href=\"https:\/\/www.facebook.com\/CaririEmAcao\/?ref=aymt_homepage_panel\"><strong>Facebook<\/strong><\/a>,<strong>\u00a0<\/strong><a href=\"https:\/\/www.instagram.com\/cariri_em_acao\/?hl=pt-br\"><strong>Instagram<\/strong><\/a><strong>\u00a0e\u00a0<\/strong><a href=\"https:\/\/www.youtube.com\/channel\/UCAptA0jQuYQy8vMhLt2m4qg\"><strong>Youtube<\/strong><\/a><strong>\u00a0e veja nossas mat\u00e9rias, v\u00eddeos e fotos. Voc\u00ea tamb\u00e9m pode enviar informa\u00e7\u00f5es \u00e0 Reda\u00e7\u00e3o do Portal Cariri em A\u00e7\u00e3o pelo WhatsApp (83) 9 9634.5791, (83) 9 9601-1162.<\/strong><\/p>\n","protected":false},"excerpt":{"rendered":"<p>A prefeita de Ouro Velho, Nat\u00e1lia de Dr. J\u00fanior, realizou uma s\u00e9rie de visitas em Bras\u00edlia durante esta semana, buscando fortalecer as parcerias com o&hellip; <\/p>\n","protected":false},"author":2,"featured_media":41716,"comment_status":"closed","ping_status":"closed","sticky":false,"template":"","format":"standard","meta":{"sfsi_plus_gutenberg_text_before_share":"","sfsi_plus_gutenberg_show_text_before_share":"","sfsi_plus_gutenberg_icon_type":"","sfsi_plus_gutenberg_icon_alignemt":"","sfsi_plus_gutenburg_max_per_row":"","footnotes":""},"categories":[6],"tags":[],"class_list":["post-41715","post","type-post","status-publish","format-standard","has-post-thumbnail","hentry","category-cidades"],"_links":{"self":[{"href":"https:\/\/www.caririemacao.com\/1\/wp-json\/wp\/v2\/posts\/41715","targetHints":{"allow":["GET"]}}],"collection":[{"href":"https:\/\/www.caririemacao.com\/1\/wp-json\/wp\/v2\/posts"}],"about":[{"href":"https:\/\/www.caririemacao.com\/1\/wp-json\/wp\/v2\/types\/post"}],"author":[{"embeddable":true,"href":"https:\/\/www.caririemacao.com\/1\/wp-json\/wp\/v2\/users\/2"}],"replies":[{"embeddable":true,"href":"https:\/\/www.caririemacao.com\/1\/wp-json\/wp\/v2\/comments?post=41715"}],"version-history":[{"count":0,"href":"https:\/\/www.caririemacao.com\/1\/wp-json\/wp\/v2\/posts\/41715\/revisions"}],"wp:featuredmedia":[{"embeddable":true,"href":"https:\/\/www.caririemacao.com\/1\/wp-json\/wp\/v2\/media\/41716"}],"wp:attachment":[{"href":"https:\/\/www.caririemacao.com\/1\/wp-json\/wp\/v2\/media?parent=41715"}],"wp:term":[{"taxonomy":"category","embeddable":true,"href":"https:\/\/www.caririemacao.com\/1\/wp-json\/wp\/v2\/categories?post=41715"},{"taxonomy":"post_tag","embeddable":true,"href":"https:\/\/www.caririemacao.com\/1\/wp-json\/wp\/v2\/tags?post=41715"}],"curies":[{"name":"wp","href":"https:\/\/api.w.org\/{rel}","templated":true}]}}