{"id":41765,"date":"2018-02-21T23:08:50","date_gmt":"2018-02-22T02:08:50","guid":{"rendered":"http:\/\/caririemacao.com\/1\/?p=41765"},"modified":"2018-02-21T23:08:50","modified_gmt":"2018-02-22T02:08:50","slug":"prefeito-e-vice-participam-da-assinatura-de-convenio-para-construcao-de-escola-em-sao-jose-dos-cordeiros","status":"publish","type":"post","link":"https:\/\/www.caririemacao.com\/1\/2018\/02\/21\/prefeito-e-vice-participam-da-assinatura-de-convenio-para-construcao-de-escola-em-sao-jose-dos-cordeiros\/","title":{"rendered":"Prefeito e vice participam da assinatura de conv\u00eanio para constru\u00e7\u00e3o de escola em S\u00e3o Jos\u00e9 dos Cordeiros"},"content":{"rendered":"<p>O prefeito de S\u00e3o Jos\u00e9 dos Cordeiros, Jefferson Roberto, e a vice-prefeita, Lurdes Dantas, participando nesta quarta-feira, dia 21, no Pal\u00e1cio da Reden\u00e7\u00e3o, em Jo\u00e3o Pessoa, da solenidade de assinatura de Conv\u00eanio com prefeituras para a constru\u00e7\u00e3o de 27 escolas municipais que representam aproximadamente R$ 29 milh\u00f5es de investimento.<\/p>\n<p>O prefeito Jefferson informado que o munic\u00edpio de S\u00e3o Jos\u00e9 dos Cordeiros foi contemplado com a constru\u00e7\u00e3o de uma escola nova que vai atender a demanda do munic\u00edpio, oferecendo mais qualidade e conforto aos alunos e professores.<\/p>\n<p><a href=\"http:\/\/caririemacao.com\/1\/wp-content\/uploads\/2018\/02\/28168656_1951566624871189_7515433942292218044_n-e1519265313715.jpg\"><img fetchpriority=\"high\" decoding=\"async\" class=\"aligncenter size-full wp-image-41767\" src=\"http:\/\/caririemacao.com\/1\/wp-content\/uploads\/2018\/02\/28168656_1951566624871189_7515433942292218044_n-e1519265313715.jpg\" alt=\"\" width=\"713\" height=\"492\" srcset=\"https:\/\/www.caririemacao.com\/1\/wp-content\/uploads\/2018\/02\/28168656_1951566624871189_7515433942292218044_n-e1519265313715.jpg 713w, https:\/\/www.caririemacao.com\/1\/wp-content\/uploads\/2018\/02\/28168656_1951566624871189_7515433942292218044_n-e1519265313715-300x207.jpg 300w, https:\/\/www.caririemacao.com\/1\/wp-content\/uploads\/2018\/02\/28168656_1951566624871189_7515433942292218044_n-e1519265313715-130x90.jpg 130w\" sizes=\"(max-width: 713px) 100vw, 713px\" \/><\/a><\/p>\n<p>Ele explicou a reportagem do Cariri em A\u00e7\u00e3o que a constru\u00e7\u00e3o ser\u00e1 por meio de conv\u00eanio com o Governo do Estado que vai transferir os devidos recursos para uma conta vinculada ao conv\u00eanio, fortalecendo assim, o desenvolvimento da educa\u00e7\u00e3o em S\u00e3o Jos\u00e9 dos Cordeiros.<\/p>\n<p>A a\u00e7\u00e3o faz parte do Programa Mais Trabalho 2, lan\u00e7ado na \u00faltima segunda-feira (19), com\u00a0quase R$ 210 milh\u00f5es de recursos a serem investidos em diversas \u00e1reas.<\/p>\n<p><strong>CARIRI EM A\u00c7\u00c3O<\/strong><\/p>\n<p>Leia mais not\u00edcias em\u00a0<a href=\"http:\/\/www.caririemacao.com\/\">caririemacao.com<\/a>, siga nossa p\u00e1gina no\u00a0<a href=\"https:\/\/www.facebook.com\/CaririEmAcao\/?ref=aymt_homepage_panel\">Facebook<\/a>,\u00a0<a href=\"https:\/\/www.instagram.com\/cariri_em_acao\/?hl=pt-br\">Instagram<\/a>\u00a0e\u00a0<a href=\"https:\/\/www.youtube.com\/channel\/UCAptA0jQuYQy8vMhLt2m4qg\">Youtube<\/a>\u00a0e veja nossas mat\u00e9rias, v\u00eddeos e fotos. Voc\u00ea tamb\u00e9m pode enviar informa\u00e7\u00f5es \u00e0 Reda\u00e7\u00e3o do Portal Cariri em A\u00e7\u00e3o pelo WhatsApp (83) 9 9634.5791, (83) 9 9601-1162.<\/p>\n","protected":false},"excerpt":{"rendered":"<p>O prefeito de S\u00e3o Jos\u00e9 dos Cordeiros, Jefferson Roberto, e a vice-prefeita, Lurdes Dantas, participando nesta quarta-feira, dia 21, no Pal\u00e1cio da Reden\u00e7\u00e3o, em Jo\u00e3o&hellip; <\/p>\n","protected":false},"author":2,"featured_media":41766,"comment_status":"closed","ping_status":"closed","sticky":false,"template":"","format":"standard","meta":{"sfsi_plus_gutenberg_text_before_share":"","sfsi_plus_gutenberg_show_text_before_share":"","sfsi_plus_gutenberg_icon_type":"","sfsi_plus_gutenberg_icon_alignemt":"","sfsi_plus_gutenburg_max_per_row":"","footnotes":""},"categories":[2],"tags":[],"class_list":["post-41765","post","type-post","status-publish","format-standard","has-post-thumbnail","hentry","category-geral"],"_links":{"self":[{"href":"https:\/\/www.caririemacao.com\/1\/wp-json\/wp\/v2\/posts\/41765","targetHints":{"allow":["GET"]}}],"collection":[{"href":"https:\/\/www.caririemacao.com\/1\/wp-json\/wp\/v2\/posts"}],"about":[{"href":"https:\/\/www.caririemacao.com\/1\/wp-json\/wp\/v2\/types\/post"}],"author":[{"embeddable":true,"href":"https:\/\/www.caririemacao.com\/1\/wp-json\/wp\/v2\/users\/2"}],"replies":[{"embeddable":true,"href":"https:\/\/www.caririemacao.com\/1\/wp-json\/wp\/v2\/comments?post=41765"}],"version-history":[{"count":0,"href":"https:\/\/www.caririemacao.com\/1\/wp-json\/wp\/v2\/posts\/41765\/revisions"}],"wp:featuredmedia":[{"embeddable":true,"href":"https:\/\/www.caririemacao.com\/1\/wp-json\/wp\/v2\/media\/41766"}],"wp:attachment":[{"href":"https:\/\/www.caririemacao.com\/1\/wp-json\/wp\/v2\/media?parent=41765"}],"wp:term":[{"taxonomy":"category","embeddable":true,"href":"https:\/\/www.caririemacao.com\/1\/wp-json\/wp\/v2\/categories?post=41765"},{"taxonomy":"post_tag","embeddable":true,"href":"https:\/\/www.caririemacao.com\/1\/wp-json\/wp\/v2\/tags?post=41765"}],"curies":[{"name":"wp","href":"https:\/\/api.w.org\/{rel}","templated":true}]}}