{"id":41770,"date":"2018-02-22T07:41:53","date_gmt":"2018-02-22T10:41:53","guid":{"rendered":"http:\/\/caririemacao.com\/1\/?p=41770"},"modified":"2018-02-22T07:41:53","modified_gmt":"2018-02-22T10:41:53","slug":"calendario-pis-pasep-2017-2018-comeca-pagamento-para-nascidos-em-marco-e-abril","status":"publish","type":"post","link":"https:\/\/www.caririemacao.com\/1\/2018\/02\/22\/calendario-pis-pasep-2017-2018-comeca-pagamento-para-nascidos-em-marco-e-abril\/","title":{"rendered":"Calend\u00e1rio PIS-Pasep 2017-2018: come\u00e7a pagamento para nascidos em mar\u00e7o e abril"},"content":{"rendered":"<div class=\"mc-column content-text active-extra-styles active-capital-letter\" data-block-type=\"unstyled\" data-block-weight=\"62\" data-block-id=\"1\">\n<p class=\"content-text__container theme-color-primary-first-letter\" data-track-category=\"Link no Texto\" data-track-links=\"\">Come\u00e7a a ser depositado nesta quinta-feira (22) o abono salarial PIS do calend\u00e1rio 2017-2018, ano-base 2016, para os trabalhadores da iniciativa privada nascidos em mar\u00e7o e abril. No caso do Pasep, que \u00e9 pago para servidores p\u00fablicos por meio da Banco do Brasil, o pagamento come\u00e7a para quem tem finais da inscri\u00e7\u00e3o 6 e 7. O PIS \u00e9 pago na Caixa Econ\u00f4mica.<\/p>\n<\/div>\n<div class=\"mc-column content-text active-extra-styles \" data-block-type=\"unstyled\" data-block-weight=\"57\" data-block-id=\"2\">\n<p class=\"content-text__container \" data-track-category=\"Link no Texto\" data-track-links=\"\">De acordo com o calend\u00e1rio, os nascidos entre janeiro e junho receber\u00e3o o PIS no 1\u00ba trimestre de 2018. J\u00e1 quem nasceu nos meses de julho a dezembro receberam o benef\u00edcio ainda no ano de 2017. Em qualquer situa\u00e7\u00e3o, o recurso ficar\u00e1 \u00e0 disposi\u00e7\u00e3o do trabalhador at\u00e9 29 de junho de 2018, prazo final para o recebimento.<\/p>\n<\/div>\n<div class=\"mc-column content-text active-extra-styles \" data-block-type=\"unstyled\" data-block-weight=\"37\" data-block-id=\"3\">\n<p class=\"content-text__container \" data-track-category=\"Link no Texto\" data-track-links=\"\">Para o exerc\u00edcio 2017\/2018 ser\u00e3o destinados R$ 16,9 bilh\u00f5es para pagamento do abono salarial a 24,3 milh\u00f5es de trabalhadores. S\u00f3 dentro do PIS s\u00e3o R$ 15,7 bilh\u00f5es para 22,1 milh\u00f5es de benefici\u00e1rios, segundo a Caixa Econ\u00f4mica Federal.<\/p>\n<\/div>\n<div class=\"mc-column content-text active-extra-styles\" data-block-type=\"raw\" data-block-weight=\"3\" data-block-id=\"4\">\n<div class=\"content-intertitle\">\n<h2>Quem tem direito<\/h2>\n<\/div>\n<\/div>\n<div class=\"mc-column content-text active-extra-styles \" data-block-type=\"unstyled\" data-block-weight=\"56\" data-block-id=\"5\">\n<p class=\"content-text__container \" data-track-category=\"Link no Texto\" data-track-links=\"\">Tem direito ao abono salarial quem recebeu, em m\u00e9dia, at\u00e9 dois sal\u00e1rios m\u00ednimos mensais com carteira assinada e exerceu atividade remunerada durante, pelo menos, 30 dias em 2016. \u00c9 preciso ainda estar inscrito no PIS\/Pasep h\u00e1 pelo menos cinco anos e ter os dados atualizados pelo empregador na Rela\u00e7\u00e3o Anual de Informa\u00e7\u00f5es Sociais (Rais), ano-base 2016.<\/p>\n<\/div>\n<div class=\"mc-column content-text active-extra-styles\" data-block-type=\"raw\" data-block-weight=\"4\" data-block-id=\"6\">\n<div class=\"content-intertitle\">\n<h2>Valores do abono salarial<\/h2>\n<\/div>\n<\/div>\n<div class=\"mc-column content-text active-extra-styles \" data-block-type=\"unstyled\" data-block-weight=\"53\" data-block-id=\"7\">\n<p class=\"content-text__container \" data-track-category=\"Link no Texto\" data-track-links=\"\">O valor do abono varia de R$ 80 a R$ 954, dependendo do tempo em que a pessoa trabalhou formalmente em 2016. Trabalhadores da iniciativa privada retiram o dinheiro na Caixa Econ\u00f4mica Federal, e os servidores p\u00fablicos, no Banco do Brasil. \u00c9 preciso apresentar um documento de identifica\u00e7\u00e3o e o n\u00famero do PIS\/Pasep.<\/p>\n<\/div>\n<div class=\"mc-column content-text active-extra-styles \" data-block-type=\"unstyled\" data-block-weight=\"48\" data-block-id=\"8\">\n<p class=\"content-text__container \" data-track-category=\"Link no Texto\" data-track-links=\"\">O valor do abono \u00e9 associado ao n\u00famero de meses trabalhados no exerc\u00edcio anterior. Portanto, quem trabalhou um m\u00eas no ano-base 2016 receber\u00e1 1\/12 do sal\u00e1rio m\u00ednimo. Quem trabalhou 2 meses receber\u00e1 2\/12 e assim por diante. S\u00f3 receber\u00e1 o valor total quem trabalhou o ano-base 2016 completo.<\/p>\n<\/div>\n<div class=\"mc-column content-text active-extra-styles \" data-block-type=\"unstyled\" data-block-weight=\"44\" data-block-id=\"9\">\n<p class=\"content-text__container \" data-track-category=\"Link no Texto\" data-track-links=\"\">Por exemplo, se o per\u00edodo trabalhado foi de 12 meses, vai receber o valor integral do benef\u00edcio, que \u00e9 de um sal\u00e1rio m\u00ednimo (R$ 954). Se trabalhou por apenas um m\u00eas, vai receber o equivalente a 1\/12 do sal\u00e1rio (R$ 80), e assim sucessivamente.<\/p>\n<div class=\"mc-column content-text active-extra-styles\" data-block-type=\"raw\" data-block-weight=\"1\" data-block-id=\"11\">\n<div class=\"content-intertitle\">\n<h2>Calend\u00e1rios<\/h2>\n<\/div>\n<\/div>\n<div class=\"mc-column content-text active-extra-styles \" data-block-type=\"unstyled\" data-block-weight=\"27\" data-block-id=\"12\">\n<p class=\"content-text__container \" data-track-category=\"Link no Texto\" data-track-links=\"\">No caso do PIS, para quem \u00e9 correntista da Caixa, o pagamento \u00e9 feito 2 dias antes do restante dos outros trabalhadores. Veja calend\u00e1rio do PIS abaixo:<\/p>\n<p data-track-category=\"Link no Texto\" data-track-links=\"\"><a href=\"http:\/\/caririemacao.com\/1\/wp-content\/uploads\/2018\/02\/tabela-abono-salarial-pis-2-.jpg\"><img fetchpriority=\"high\" decoding=\"async\" class=\"aligncenter size-full wp-image-41771\" src=\"http:\/\/caririemacao.com\/1\/wp-content\/uploads\/2018\/02\/tabela-abono-salarial-pis-2-.jpg\" alt=\"\" width=\"1000\" height=\"582\" srcset=\"https:\/\/www.caririemacao.com\/1\/wp-content\/uploads\/2018\/02\/tabela-abono-salarial-pis-2-.jpg 1000w, https:\/\/www.caririemacao.com\/1\/wp-content\/uploads\/2018\/02\/tabela-abono-salarial-pis-2--300x175.jpg 300w, https:\/\/www.caririemacao.com\/1\/wp-content\/uploads\/2018\/02\/tabela-abono-salarial-pis-2--768x447.jpg 768w\" sizes=\"(max-width: 1000px) 100vw, 1000px\" \/><\/a><\/p>\n<p data-track-category=\"Link no Texto\" data-track-links=\"\">J\u00e1 no caso do Pasep, o cr\u00e9dito em conta para correntistas do Banco do Brasil ser\u00e1 efetuado a partir do 3\u00ba dia \u00fatil anterior ao in\u00edcio de cada per\u00edodo de pagamento, conforme cronograma abaixo:<\/p>\n<p data-track-category=\"Link no Texto\" data-track-links=\"\"><a href=\"http:\/\/caririemacao.com\/1\/wp-content\/uploads\/2018\/02\/tabela-abono-salarial-pasep-2-.jpg\"><img decoding=\"async\" class=\"aligncenter size-full wp-image-41772 lazyload\" data-src=\"http:\/\/caririemacao.com\/1\/wp-content\/uploads\/2018\/02\/tabela-abono-salarial-pasep-2-.jpg\" alt=\"\" width=\"1000\" height=\"519\" data-srcset=\"https:\/\/www.caririemacao.com\/1\/wp-content\/uploads\/2018\/02\/tabela-abono-salarial-pasep-2-.jpg 1000w, https:\/\/www.caririemacao.com\/1\/wp-content\/uploads\/2018\/02\/tabela-abono-salarial-pasep-2--300x156.jpg 300w, https:\/\/www.caririemacao.com\/1\/wp-content\/uploads\/2018\/02\/tabela-abono-salarial-pasep-2--768x399.jpg 768w\" data-sizes=\"(max-width: 1000px) 100vw, 1000px\" src=\"data:image\/svg+xml;base64,PHN2ZyB3aWR0aD0iMSIgaGVpZ2h0PSIxIiB4bWxucz0iaHR0cDovL3d3dy53My5vcmcvMjAwMC9zdmciPjwvc3ZnPg==\" style=\"--smush-placeholder-width: 1000px; --smush-placeholder-aspect-ratio: 1000\/519;\" \/><\/a><\/p>\n<div class=\"mc-column content-text active-extra-styles\" data-block-type=\"raw\" data-block-weight=\"2\" data-block-id=\"16\">\n<div class=\"content-intertitle\">\n<h2>Como sacar<\/h2>\n<\/div>\n<\/div>\n<div class=\"mc-column content-text active-extra-styles \" data-block-type=\"unstyled\" data-block-weight=\"52\" data-block-id=\"17\">\n<p class=\"content-text__container \" data-track-category=\"Link no Texto\" data-track-links=\"\">Para sacar o abono do PIS, o trabalhador que possuir Cart\u00e3o do Cidad\u00e3o e senha cadastrada pode se dirigir aos terminais de autoatendimento da Caixa ou a uma casa lot\u00e9rica. Se n\u00e3o tiver o Cart\u00e3o do Cidad\u00e3o, pode receber o valor em qualquer ag\u00eancia da Caixa, mediante apresenta\u00e7\u00e3o de documento de identifica\u00e7\u00e3o.<\/p>\n<\/div>\n<div class=\"mc-column content-text active-extra-styles \" data-block-type=\"unstyled\" data-block-weight=\"38\" data-block-id=\"19\">\n<p class=\"content-text__container \" data-track-category=\"Link no Texto\" data-track-links=\"\">Informa\u00e7\u00f5es sobre o PIS tamb\u00e9m podem ser obtidas pelo telefone 0800-726-02-07 da Caixa. O trabalhador pode fazer uma consulta ainda no site www.caixa.gov.br\/PIS, em Consultar Pagamento. Para isso, \u00e9 preciso ter o n\u00famero do NIS (PIS\/Pasep) em m\u00e3os.<\/p>\n<div class=\"mc-column content-text active-extra-styles \" data-block-type=\"unstyled\" data-block-weight=\"51\" data-block-id=\"21\">\n<p class=\"content-text__container \" data-track-category=\"Link no Texto\" data-track-links=\"\">Os servidores p\u00fablicos que t\u00eam direito ao Pasep precisam verificar se houve dep\u00f3sito em conta. Caso isso n\u00e3o tenha ocorrido, precisam procurar uma ag\u00eancia do Banco do Brasil e apresentar um documento de identifica\u00e7\u00e3o. Mais informa\u00e7\u00f5es sobre o Pasep podem ser obtidas pelo telefone 0800-729 00 01, do Banco do Brasil.<\/p>\n<\/div>\n<div class=\"mc-column content-text active-extra-styles\" data-block-type=\"raw\" data-block-weight=\"6\" data-block-id=\"22\">\n<div class=\"content-intertitle\">\n<h2>E se n\u00e3o sacar o dinheiro?<\/h2>\n<\/div>\n<\/div>\n<div class=\"mc-column content-text active-extra-styles \" data-block-type=\"unstyled\" data-block-weight=\"59\" data-block-id=\"23\">\n<p class=\"content-text__container \" data-track-category=\"Link no Texto\" data-track-links=\"\">De acordo com a Caixa, quando o saque do PIS n\u00e3o \u00e9 efetuado, o valor \u00e9 incorporado ao saldo de quotas. Ao final do exerc\u00edcio financeiro (29 de junho de 2018), ap\u00f3s a atualiza\u00e7\u00e3o do saldo, os rendimentos s\u00e3o disponibilizados para saque no novo calend\u00e1rio. Os rendimentos variam conforme o saldo existente na conta do PIS vinculada ao trabalhador.<\/p>\n<\/div>\n<div class=\"mc-column content-text active-extra-styles \" data-block-type=\"unstyled\" data-block-weight=\"32\" data-block-id=\"24\">\n<p class=\"content-text__container \" data-track-category=\"Link no Texto\" data-track-links=\"\">Segundo o governo, os recursos do abono salarial ano-base 2016 que ainda n\u00e3o foram sacados chegam a mais de R$ 9,84 bilh\u00f5es, e envolvem 13,4 milh\u00f5es de trabalhadores em todo o pa\u00eds.<\/p>\n<\/div>\n<div class=\"mc-column content-text active-extra-styles\" data-block-type=\"raw\" data-block-weight=\"4\" data-block-id=\"25\">\n<div class=\"content-intertitle\">\n<h2>Fundos PIS\/Pasep para idosos<\/h2>\n<\/div>\n<\/div>\n<div class=\"mc-column content-text active-extra-styles \" data-block-type=\"unstyled\" data-block-weight=\"32\" data-block-id=\"26\">\n<p class=\"content-text__container \" data-track-category=\"Link no Texto\" data-track-links=\"\">Desde o dia 22 de janeiro, est\u00e1 liberado o pagamento do Fundo PIS\/Pasep para benefici\u00e1rios com idade a partir de 60 anos.<\/p>\n<\/div>\n<div class=\"mc-column content-text active-extra-styles \" data-block-type=\"unstyled\" data-block-weight=\"64\" data-block-id=\"28\">\n<p class=\"content-text__container \" data-track-category=\"Link no Texto\" data-track-links=\"\">Tem direito aos recursos do fundo de cotistas o trabalhador do setor p\u00fablico ou privado que tenha contribu\u00eddo para o PIS ou Pasep at\u00e9 4 de outubro de 1988 e que n\u00e3o tenha feito o resgate total do saldo. Al\u00e9m dos idosos a partir de 60 anos, est\u00e3o contemplados aposentados, herdeiros, quem foi transferido para a reserva remunerada ou reforma ou casos de invalidez.<\/p>\n<\/div>\n<div data-track-category=\"fim do conteudo\" data-track-action=\"ultimo chunk conteudo\" data-track-noninteraction=\"false\" data-track-scroll=\"entrada completa viewport\">\n<div class=\"mc-column content-text active-extra-styles \" data-block-type=\"unstyled\" data-block-weight=\"66\" data-block-id=\"30\">\n<p class=\"content-text__container \" data-track-category=\"Link no Texto\" data-track-links=\"\">O total liberado previsto \u00e9 de R$ 21,5 bilh\u00f5es para 11,2 milh\u00f5es de benefici\u00e1rios. Foram sacados R$ 3,9 bilh\u00f5es, ou 18,2% do total, por 2,9 milh\u00f5es de cotistas (25,5% do total), at\u00e9 31 de janeiro, de acordo com o Minist\u00e9rio do Planejamento. A maior parte dos saques foi feita pelos aposentados (54,4%). O dinheiro ficar\u00e1 dispon\u00edvel para todos os benefici\u00e1rios &#8211; n\u00e3o h\u00e1 prazo para saque.<\/p>\n<p><strong>CARIRI EM A\u00c7\u00c3O<\/strong><\/p>\n<p><em>Com: G1\/<\/em><em>Foto: Reprodu\u00e7\u00e3o google<\/em><\/p>\n<p><strong>Leia mais not\u00edcias em\u00a0<\/strong><a href=\"http:\/\/www.caririemacao.com\/\"><strong>caririemacao.com<\/strong><\/a><strong>, siga nossa p\u00e1gina no\u00a0<\/strong><a href=\"https:\/\/www.facebook.com\/CaririEmAcao\/?ref=aymt_homepage_panel\"><strong>Facebook<\/strong><\/a>,<strong>\u00a0<\/strong><a href=\"https:\/\/www.instagram.com\/cariri_em_acao\/?hl=pt-br\"><strong>Instagram<\/strong><\/a><strong>\u00a0e\u00a0<\/strong><a href=\"https:\/\/www.youtube.com\/channel\/UCAptA0jQuYQy8vMhLt2m4qg\"><strong>Youtube<\/strong><\/a><strong>\u00a0e veja nossas mat\u00e9rias, v\u00eddeos e fotos. Voc\u00ea tamb\u00e9m pode enviar informa\u00e7\u00f5es \u00e0 Reda\u00e7\u00e3o do Portal Cariri em A\u00e7\u00e3o pelo WhatsApp (83) 9 9634.5791, (83) 9 9601-1162.<\/strong><\/p>\n<\/div>\n<\/div>\n<\/div>\n<\/div>\n<\/div>\n","protected":false},"excerpt":{"rendered":"<p>Come\u00e7a a ser depositado nesta quinta-feira (22) o abono salarial PIS do calend\u00e1rio 2017-2018, ano-base 2016, para os trabalhadores da iniciativa privada nascidos em mar\u00e7o&hellip; <\/p>\n","protected":false},"author":2,"featured_media":36650,"comment_status":"closed","ping_status":"closed","sticky":false,"template":"","format":"standard","meta":{"sfsi_plus_gutenberg_text_before_share":"","sfsi_plus_gutenberg_show_text_before_share":"","sfsi_plus_gutenberg_icon_type":"","sfsi_plus_gutenberg_icon_alignemt":"","sfsi_plus_gutenburg_max_per_row":"","footnotes":""},"categories":[2],"tags":[],"class_list":["post-41770","post","type-post","status-publish","format-standard","has-post-thumbnail","hentry","category-geral"],"_links":{"self":[{"href":"https:\/\/www.caririemacao.com\/1\/wp-json\/wp\/v2\/posts\/41770","targetHints":{"allow":["GET"]}}],"collection":[{"href":"https:\/\/www.caririemacao.com\/1\/wp-json\/wp\/v2\/posts"}],"about":[{"href":"https:\/\/www.caririemacao.com\/1\/wp-json\/wp\/v2\/types\/post"}],"author":[{"embeddable":true,"href":"https:\/\/www.caririemacao.com\/1\/wp-json\/wp\/v2\/users\/2"}],"replies":[{"embeddable":true,"href":"https:\/\/www.caririemacao.com\/1\/wp-json\/wp\/v2\/comments?post=41770"}],"version-history":[{"count":0,"href":"https:\/\/www.caririemacao.com\/1\/wp-json\/wp\/v2\/posts\/41770\/revisions"}],"wp:featuredmedia":[{"embeddable":true,"href":"https:\/\/www.caririemacao.com\/1\/wp-json\/wp\/v2\/media\/36650"}],"wp:attachment":[{"href":"https:\/\/www.caririemacao.com\/1\/wp-json\/wp\/v2\/media?parent=41770"}],"wp:term":[{"taxonomy":"category","embeddable":true,"href":"https:\/\/www.caririemacao.com\/1\/wp-json\/wp\/v2\/categories?post=41770"},{"taxonomy":"post_tag","embeddable":true,"href":"https:\/\/www.caririemacao.com\/1\/wp-json\/wp\/v2\/tags?post=41770"}],"curies":[{"name":"wp","href":"https:\/\/api.w.org\/{rel}","templated":true}]}}