{"id":41789,"date":"2018-02-22T12:32:15","date_gmt":"2018-02-22T15:32:15","guid":{"rendered":"http:\/\/caririemacao.com\/1\/?p=41789"},"modified":"2018-02-22T12:32:15","modified_gmt":"2018-02-22T15:32:15","slug":"mais-um-homicida-foi-preso-pela-policia-civil-em-arcoverde","status":"publish","type":"post","link":"https:\/\/www.caririemacao.com\/1\/2018\/02\/22\/mais-um-homicida-foi-preso-pela-policia-civil-em-arcoverde\/","title":{"rendered":"Mais um homicida foi preso pela pol\u00edcia civil em Arcoverde"},"content":{"rendered":"<p style=\"font-weight: 400;\">Dando continuidade as investiga\u00e7\u00f5es sobre crimes violentos letais intencionais, a Delegacia de Arcoverde, cumpriu Mandado de Pris\u00e3o Tempor\u00e1ria expedido pela Vara Criminal de Arcoverde em desfavor de\u00a0Gilberto de Lira Cavalcanti Neto, o\u00a0\u201cGilbertinho\u201d,\u00a0de 18 anos, investigado no inqu\u00e9rito que apura o assassinato do ex-presidi\u00e1rio\u00a0Joselio Nunes de Lima, o\u00a0&#8220;Telinho\u201d,\u00a0ocorrido numa tocaia feita nas imedia\u00e7\u00f5es do Bar da Piscina, situado na Avenida Conselheiro Jo\u00e3o Alfredo, bairro Boa Vista, na noite do dia 21 de janeiro passado.<\/p>\n<p style=\"font-weight: 400;\">As investiga\u00e7\u00f5es apontam o capturado como autor do crime, tendo em vista problemas passionais entre eles, inclusive Gilbertinho teria sido autor de outra investida praticada contra a mesma v\u00edtima no final do ano de 2017, na regi\u00e3o do s\u00edtio Aldeia Velha, na qual &#8220;Telinho&#8221; escapou com vida. Conforme apurado at\u00e9 o momento,\u00a0\u00a0os envolvidos vinham trocando amea\u00e7as mutuamente, tendo o incriminado agido para livrar-se do desafeto.<\/p>\n<p style=\"font-weight: 400;\">O preso foi interrogado pelo delegado Henrique Paiva e ser\u00e1 encaminhado ao Pres\u00eddio Advogado Brito Alves, onde aguardar\u00e1 o t\u00e9rmino das investiga\u00e7\u00f5es.<\/p>\n<p><strong>CARIRI EM A\u00c7\u00c3O<\/strong><\/p>\n<p>Com:\u00a0Arcoverde Not\u00edcias\/Fotos:\u00a0Arcoverde Not\u00edcias<\/p>\n<p><strong>Leia mais not\u00edcias em\u00a0<\/strong><a href=\"http:\/\/www.caririemacao.com\/\"><strong>caririemacao.com<\/strong><\/a><strong>, siga nossa p\u00e1gina no\u00a0<\/strong><a href=\"https:\/\/www.facebook.com\/CaririEmAcao\/?ref=aymt_homepage_panel\"><strong>Facebook<\/strong><\/a>,<strong>\u00a0<\/strong><a href=\"https:\/\/www.instagram.com\/cariri_em_acao\/?hl=pt-br\"><strong>Instagram<\/strong><\/a><strong>\u00a0e\u00a0<\/strong><a href=\"https:\/\/www.youtube.com\/channel\/UCAptA0jQuYQy8vMhLt2m4qg\"><strong>Youtube<\/strong><\/a><strong>\u00a0e veja nossas mat\u00e9rias, v\u00eddeos e fotos. Voc\u00ea tamb\u00e9m pode enviar informa\u00e7\u00f5es \u00e0 Reda\u00e7\u00e3o do Portal Cariri em A\u00e7\u00e3o pelo WhatsApp (83) 9 9634.5791, (83) 9 9601-1162.<\/strong><\/p>\n","protected":false},"excerpt":{"rendered":"<p>Dando continuidade as investiga\u00e7\u00f5es sobre crimes violentos letais intencionais, a Delegacia de Arcoverde, cumpriu Mandado de Pris\u00e3o Tempor\u00e1ria expedido pela Vara Criminal de Arcoverde em&hellip; <\/p>\n","protected":false},"author":2,"featured_media":41790,"comment_status":"closed","ping_status":"closed","sticky":false,"template":"","format":"standard","meta":{"sfsi_plus_gutenberg_text_before_share":"","sfsi_plus_gutenberg_show_text_before_share":"","sfsi_plus_gutenberg_icon_type":"","sfsi_plus_gutenberg_icon_alignemt":"","sfsi_plus_gutenburg_max_per_row":"","footnotes":""},"categories":[12],"tags":[],"class_list":["post-41789","post","type-post","status-publish","format-standard","has-post-thumbnail","hentry","category-policia"],"_links":{"self":[{"href":"https:\/\/www.caririemacao.com\/1\/wp-json\/wp\/v2\/posts\/41789","targetHints":{"allow":["GET"]}}],"collection":[{"href":"https:\/\/www.caririemacao.com\/1\/wp-json\/wp\/v2\/posts"}],"about":[{"href":"https:\/\/www.caririemacao.com\/1\/wp-json\/wp\/v2\/types\/post"}],"author":[{"embeddable":true,"href":"https:\/\/www.caririemacao.com\/1\/wp-json\/wp\/v2\/users\/2"}],"replies":[{"embeddable":true,"href":"https:\/\/www.caririemacao.com\/1\/wp-json\/wp\/v2\/comments?post=41789"}],"version-history":[{"count":0,"href":"https:\/\/www.caririemacao.com\/1\/wp-json\/wp\/v2\/posts\/41789\/revisions"}],"wp:featuredmedia":[{"embeddable":true,"href":"https:\/\/www.caririemacao.com\/1\/wp-json\/wp\/v2\/media\/41790"}],"wp:attachment":[{"href":"https:\/\/www.caririemacao.com\/1\/wp-json\/wp\/v2\/media?parent=41789"}],"wp:term":[{"taxonomy":"category","embeddable":true,"href":"https:\/\/www.caririemacao.com\/1\/wp-json\/wp\/v2\/categories?post=41789"},{"taxonomy":"post_tag","embeddable":true,"href":"https:\/\/www.caririemacao.com\/1\/wp-json\/wp\/v2\/tags?post=41789"}],"curies":[{"name":"wp","href":"https:\/\/api.w.org\/{rel}","templated":true}]}}