{"id":41792,"date":"2018-02-22T12:36:26","date_gmt":"2018-02-22T15:36:26","guid":{"rendered":"http:\/\/caririemacao.com\/1\/?p=41792"},"modified":"2018-02-22T13:22:41","modified_gmt":"2018-02-22T16:22:41","slug":"prefeitura-da-prata-realiza-distribuicao-de-alimentos-no-cras-nesta-sexta-feira","status":"publish","type":"post","link":"https:\/\/www.caririemacao.com\/1\/2018\/02\/22\/prefeitura-da-prata-realiza-distribuicao-de-alimentos-no-cras-nesta-sexta-feira\/","title":{"rendered":"Prefeitura da Prata realiza distribui\u00e7\u00e3o de alimentos no CRAS nesta sexta feira"},"content":{"rendered":"<p style=\"font-weight: 400;\">A prefeitura da Prata est\u00e1 realizando mais uma importante a\u00e7\u00e3o em benef\u00edcio da popula\u00e7\u00e3o mais carente atrav\u00e9s da secretaria de assist\u00eancia social.<\/p>\n<p style=\"font-weight: 400;\">A Secretaria em parceria com a CONAB e Associa\u00e7\u00e3o do Assentamento Z\u00e9 Marcolino estar\u00e1 distribuindo nesta sexta-feira, dia 23\/02, Coentro e Batata doce para as fam\u00edlias de baixa renda do nosso munic\u00edpio.<\/p>\n<p style=\"font-weight: 400;\">A distribui\u00e7\u00e3o vai acontecer no CRAS \u00e0 partir das 09:00hs. Vale lembrar que o representante da fam\u00edlia dever\u00e1 levar para o local da entrega documento de RG ou CPF.<\/p>\n<p><strong>CARIRI EM A\u00c7\u00c3O<\/strong><\/p>\n<p><em>Com Tribuna do Cariri\/Foto: Reprodu\u00e7\u00e3o Internet<\/em><\/p>\n<p><strong>Leia mais not\u00edcias em\u00a0<\/strong><a href=\"http:\/\/www.caririemacao.com\/\"><strong>caririemacao.com<\/strong><\/a><strong>, siga nossa p\u00e1gina no\u00a0<\/strong><a href=\"https:\/\/www.facebook.com\/CaririEmAcao\/?ref=aymt_homepage_panel\"><strong>Facebook<\/strong><\/a>,<strong>\u00a0<\/strong><a href=\"https:\/\/www.instagram.com\/cariri_em_acao\/?hl=pt-br\"><strong>Instagram<\/strong><\/a><strong>\u00a0e\u00a0<\/strong><a href=\"https:\/\/www.youtube.com\/channel\/UCAptA0jQuYQy8vMhLt2m4qg\"><strong>Youtube<\/strong><\/a><strong>\u00a0e veja nossas mat\u00e9rias, v\u00eddeos e fotos. Voc\u00ea tamb\u00e9m pode enviar informa\u00e7\u00f5es \u00e0 Reda\u00e7\u00e3o do Portal Cariri em A\u00e7\u00e3o pelo WhatsApp (83) 9 9634.5791, (83) 9 9601-1162.<\/strong><\/p>\n","protected":false},"excerpt":{"rendered":"<p>A prefeitura da Prata est\u00e1 realizando mais uma importante a\u00e7\u00e3o em benef\u00edcio da popula\u00e7\u00e3o mais carente atrav\u00e9s da secretaria de assist\u00eancia social. A Secretaria em&hellip; <\/p>\n","protected":false},"author":2,"featured_media":41832,"comment_status":"closed","ping_status":"closed","sticky":false,"template":"","format":"standard","meta":{"sfsi_plus_gutenberg_text_before_share":"","sfsi_plus_gutenberg_show_text_before_share":"","sfsi_plus_gutenberg_icon_type":"","sfsi_plus_gutenberg_icon_alignemt":"","sfsi_plus_gutenburg_max_per_row":"","footnotes":""},"categories":[6],"tags":[],"class_list":["post-41792","post","type-post","status-publish","format-standard","has-post-thumbnail","hentry","category-cidades"],"_links":{"self":[{"href":"https:\/\/www.caririemacao.com\/1\/wp-json\/wp\/v2\/posts\/41792","targetHints":{"allow":["GET"]}}],"collection":[{"href":"https:\/\/www.caririemacao.com\/1\/wp-json\/wp\/v2\/posts"}],"about":[{"href":"https:\/\/www.caririemacao.com\/1\/wp-json\/wp\/v2\/types\/post"}],"author":[{"embeddable":true,"href":"https:\/\/www.caririemacao.com\/1\/wp-json\/wp\/v2\/users\/2"}],"replies":[{"embeddable":true,"href":"https:\/\/www.caririemacao.com\/1\/wp-json\/wp\/v2\/comments?post=41792"}],"version-history":[{"count":0,"href":"https:\/\/www.caririemacao.com\/1\/wp-json\/wp\/v2\/posts\/41792\/revisions"}],"wp:featuredmedia":[{"embeddable":true,"href":"https:\/\/www.caririemacao.com\/1\/wp-json\/wp\/v2\/media\/41832"}],"wp:attachment":[{"href":"https:\/\/www.caririemacao.com\/1\/wp-json\/wp\/v2\/media?parent=41792"}],"wp:term":[{"taxonomy":"category","embeddable":true,"href":"https:\/\/www.caririemacao.com\/1\/wp-json\/wp\/v2\/categories?post=41792"},{"taxonomy":"post_tag","embeddable":true,"href":"https:\/\/www.caririemacao.com\/1\/wp-json\/wp\/v2\/tags?post=41792"}],"curies":[{"name":"wp","href":"https:\/\/api.w.org\/{rel}","templated":true}]}}