{"id":41794,"date":"2018-02-22T13:03:47","date_gmt":"2018-02-22T16:03:47","guid":{"rendered":"http:\/\/caririemacao.com\/1\/?p=41794"},"modified":"2018-02-22T13:03:47","modified_gmt":"2018-02-22T16:03:47","slug":"camalau-recebera-4o-passeio-ciclistico-no-mes-de-abril-o-pioneiro-do-cariri","status":"publish","type":"post","link":"https:\/\/www.caririemacao.com\/1\/2018\/02\/22\/camalau-recebera-4o-passeio-ciclistico-no-mes-de-abril-o-pioneiro-do-cariri\/","title":{"rendered":"Camala\u00fa receber\u00e1 4\u00ba passeio cicl\u00edstico no m\u00eas de Abril, o pioneiro do Cariri"},"content":{"rendered":"<p>A cidade de Camala\u00fa receber\u00e1 nos dias 07 e 08 de Abril, o 4\u00ba Passeio Cicl\u00edstico, um dos maiores e mais procurados eventos de bike de toda a regi\u00e3o.<\/p>\n<p>Em 2018 o evento contar\u00e1 com a coordena\u00e7\u00e3o do grupo CAMALAU MOUNTAIN BIKE\u00a0 e faz parte do CIRCUITO CARIRI BIKE criado este ano para organizar o calend\u00e1rio de eventos da regi\u00e3o.<\/p>\n<p>Est\u00e3o confirmados todos os diferenciais que fazem do evento de Camalau um dos mais conceituados, j\u00e1 que Camala\u00fa \u00e9 a pioneira dos \u201cpedais\u201d<\/p>\n<p>As inscri\u00e7\u00f5es ser\u00e3o feitas atrav\u00e9s do site<a href=\"http:\/\/www.camalaunoticias.com.br\/\">www.camalaunoticias.com.br<\/a>\u00a0e as vagas ser\u00e3o limitadas.<\/p>\n<p>Haver\u00e1 toda uma mega estrutura com: camisa, mec\u00e2nico, 04 pontos de apoio, ambul\u00e2ncia, caf\u00e9 da manh\u00e3, almo\u00e7o e alojamento.<\/p>\n<p>O percurso ser\u00e1 de 40 kilometros da mais bela natureza, passando por pontos banhados pelas \u00e1guas do Rio Para\u00edba que vieram atrav\u00e9s da transposi\u00e7\u00e3o do S\u00e3o Francisco e com largada e chegada no lindo balne\u00e1rio municipal, com um cen\u00e1rio de perder o f\u00f4lego.<\/p>\n<p>Maiores informa\u00e7\u00f5es podem ser obtidas atrav\u00e9s dos telefones que est\u00e3o no cartaz no come\u00e7o desta mat\u00e9ria.<\/p>\n<p>O evento contar\u00e1 com o apoio total da prefeitura de Camala\u00fa por determina\u00e7\u00e3o do prefeito Sandro M\u00f4co<\/p>\n<p><strong>CARIRI EM A\u00c7\u00c3O<\/strong><\/p>\n<p><em>Com Fabio Brito\/Foto: Reprodu\u00e7\u00e3o<\/em><\/p>\n<p><strong>Leia mais not\u00edcias em\u00a0<\/strong><a href=\"http:\/\/www.caririemacao.com\/\"><strong>caririemacao.com<\/strong><\/a><strong>, siga nossa p\u00e1gina no\u00a0<\/strong><a href=\"https:\/\/www.facebook.com\/CaririEmAcao\/?ref=aymt_homepage_panel\"><strong>Facebook<\/strong><\/a>,<strong>\u00a0<\/strong><a href=\"https:\/\/www.instagram.com\/cariri_em_acao\/?hl=pt-br\"><strong>Instagram<\/strong><\/a><strong>\u00a0e <\/strong><a href=\"https:\/\/www.youtube.com\/channel\/UCAptA0jQuYQy8vMhLt2m4qg\"><strong>Youtube<\/strong><\/a><strong>\u00a0e veja nossas mat\u00e9rias, v\u00eddeos e fotos. Voc\u00ea tamb\u00e9m pode enviar informa\u00e7\u00f5es \u00e0 Reda\u00e7\u00e3o do Portal Cariri em A\u00e7\u00e3o pelo WhatsApp (83) 9 9634.5791, (83) 9 9601-1162.<\/strong><\/p>\n","protected":false},"excerpt":{"rendered":"<p>A cidade de Camala\u00fa receber\u00e1 nos dias 07 e 08 de Abril, o 4\u00ba Passeio Cicl\u00edstico, um dos maiores e mais procurados eventos de bike&hellip; <\/p>\n","protected":false},"author":2,"featured_media":41805,"comment_status":"closed","ping_status":"closed","sticky":false,"template":"","format":"standard","meta":{"sfsi_plus_gutenberg_text_before_share":"","sfsi_plus_gutenberg_show_text_before_share":"","sfsi_plus_gutenberg_icon_type":"","sfsi_plus_gutenberg_icon_alignemt":"","sfsi_plus_gutenburg_max_per_row":"","footnotes":""},"categories":[13],"tags":[],"class_list":["post-41794","post","type-post","status-publish","format-standard","has-post-thumbnail","hentry","category-esportes"],"_links":{"self":[{"href":"https:\/\/www.caririemacao.com\/1\/wp-json\/wp\/v2\/posts\/41794","targetHints":{"allow":["GET"]}}],"collection":[{"href":"https:\/\/www.caririemacao.com\/1\/wp-json\/wp\/v2\/posts"}],"about":[{"href":"https:\/\/www.caririemacao.com\/1\/wp-json\/wp\/v2\/types\/post"}],"author":[{"embeddable":true,"href":"https:\/\/www.caririemacao.com\/1\/wp-json\/wp\/v2\/users\/2"}],"replies":[{"embeddable":true,"href":"https:\/\/www.caririemacao.com\/1\/wp-json\/wp\/v2\/comments?post=41794"}],"version-history":[{"count":0,"href":"https:\/\/www.caririemacao.com\/1\/wp-json\/wp\/v2\/posts\/41794\/revisions"}],"wp:featuredmedia":[{"embeddable":true,"href":"https:\/\/www.caririemacao.com\/1\/wp-json\/wp\/v2\/media\/41805"}],"wp:attachment":[{"href":"https:\/\/www.caririemacao.com\/1\/wp-json\/wp\/v2\/media?parent=41794"}],"wp:term":[{"taxonomy":"category","embeddable":true,"href":"https:\/\/www.caririemacao.com\/1\/wp-json\/wp\/v2\/categories?post=41794"},{"taxonomy":"post_tag","embeddable":true,"href":"https:\/\/www.caririemacao.com\/1\/wp-json\/wp\/v2\/tags?post=41794"}],"curies":[{"name":"wp","href":"https:\/\/api.w.org\/{rel}","templated":true}]}}