{"id":41796,"date":"2018-02-22T12:39:23","date_gmt":"2018-02-22T15:39:23","guid":{"rendered":"http:\/\/caririemacao.com\/1\/?p=41796"},"modified":"2018-02-22T12:39:23","modified_gmt":"2018-02-22T15:39:23","slug":"prefeito-do-psd-adere-a-pre-candidatura-de-joao-azevedo","status":"publish","type":"post","link":"https:\/\/www.caririemacao.com\/1\/2018\/02\/22\/prefeito-do-psd-adere-a-pre-candidatura-de-joao-azevedo\/","title":{"rendered":"Prefeito do PSD adere \u00e0 pr\u00e9-candidatura de Jo\u00e3o Azev\u00eado"},"content":{"rendered":"<p>O prefeito do PSD, Ant\u00f4nio da Silva Sobrinho, declarou apoio \u00e0 pr\u00e9-candidatura de Jo\u00e3o Azev\u00eado (PSB), durante reuni\u00e3o realizada nesta quarta-feira (21), em Jo\u00e3o Pessoa. O encontro contou ainda com a presen\u00e7a do governador Ricardo Coutinho e do deputado estadual Jo\u00e3o Bosco Carneiro (PSL).<\/p>\n<p>O prefeito explicou porque decidiu apoiar Azev\u00eado na disputa pelo Governo do Estado. \u201cN\u00f3s conhecemos as qualidades de Jo\u00e3o e sabemos que ele tem feito muito por essa Para\u00edba. Ele tem a mesma linha do governador Ricardo Coutinho em rela\u00e7\u00e3o ao trabalho e sem d\u00favidas vai prestar um bom servi\u00e7o ao povo paraibano\u201d, declarou Sobrinho.<\/p>\n<p>Presente na reuni\u00e3o, o deputado estadual pelo PSL, Jo\u00e3o Bosco Carneiro, disse que a o encontro desta quarta-feira foi bastante produtivo. \u201cHouve uma converg\u00eancia de ideais e disposi\u00e7\u00e3o de trabalho. N\u00f3s precisamos estar unidos e pensando no bem estar da popula\u00e7\u00e3o paraibana, acrescentou o deputado.<\/p>\n<p>Al\u00e9m do prefeito de Alagoa Grande, tamb\u00e9m passaram a apoiar Jo\u00e3o Azev\u00eado, neste m\u00eas de fevereiro, os prefeitos das cidades de Bom Sucesso, Serra Branca, Curral de Cima, Carrapateira, Emas, Pil\u00f5ezinhos, Sert\u00e3ozinho, Borborema e os grupos pol\u00edticos que fazem oposi\u00e7\u00e3o nas cidades de Uira\u00fana e S\u00e3o Jo\u00e3o do Cariri.<\/p>\n<p><strong>CARIRI EM A\u00c7\u00c3O<\/strong><\/p>\n<p><em>Com Para\u00edba J\u00e1\/Foto: Reprodu\u00e7\u00e3o Internet<\/em><\/p>\n<p><strong>Leia mais not\u00edcias em\u00a0<\/strong><a href=\"http:\/\/www.caririemacao.com\/\"><strong>caririemacao.com<\/strong><\/a><strong>, siga nossa p\u00e1gina no\u00a0<\/strong><a href=\"https:\/\/www.facebook.com\/CaririEmAcao\/?ref=aymt_homepage_panel\"><strong>Facebook<\/strong><\/a>,<strong>\u00a0<\/strong><a href=\"https:\/\/www.instagram.com\/cariri_em_acao\/?hl=pt-br\"><strong>Instagram<\/strong><\/a><strong>\u00a0e\u00a0<\/strong><a href=\"https:\/\/www.youtube.com\/channel\/UCAptA0jQuYQy8vMhLt2m4qg\"><strong>Youtube<\/strong><\/a><strong>\u00a0e veja nossas mat\u00e9rias, v\u00eddeos e fotos. Voc\u00ea tamb\u00e9m pode enviar informa\u00e7\u00f5es \u00e0 Reda\u00e7\u00e3o do Portal Cariri em A\u00e7\u00e3o pelo WhatsApp (83) 9 9634.5791, (83) 9 9601-1162.<\/strong><\/p>\n<div class=\"fbcb_container\" align=\"center\"><\/div>\n","protected":false},"excerpt":{"rendered":"<p>O prefeito do PSD, Ant\u00f4nio da Silva Sobrinho, declarou apoio \u00e0 pr\u00e9-candidatura de Jo\u00e3o Azev\u00eado (PSB), durante reuni\u00e3o realizada nesta quarta-feira (21), em Jo\u00e3o Pessoa.&hellip; <\/p>\n","protected":false},"author":2,"featured_media":36966,"comment_status":"closed","ping_status":"closed","sticky":false,"template":"","format":"standard","meta":{"sfsi_plus_gutenberg_text_before_share":"","sfsi_plus_gutenberg_show_text_before_share":"","sfsi_plus_gutenberg_icon_type":"","sfsi_plus_gutenberg_icon_alignemt":"","sfsi_plus_gutenburg_max_per_row":"","footnotes":""},"categories":[1],"tags":[],"class_list":["post-41796","post","type-post","status-publish","format-standard","has-post-thumbnail","hentry","category-o-site"],"_links":{"self":[{"href":"https:\/\/www.caririemacao.com\/1\/wp-json\/wp\/v2\/posts\/41796","targetHints":{"allow":["GET"]}}],"collection":[{"href":"https:\/\/www.caririemacao.com\/1\/wp-json\/wp\/v2\/posts"}],"about":[{"href":"https:\/\/www.caririemacao.com\/1\/wp-json\/wp\/v2\/types\/post"}],"author":[{"embeddable":true,"href":"https:\/\/www.caririemacao.com\/1\/wp-json\/wp\/v2\/users\/2"}],"replies":[{"embeddable":true,"href":"https:\/\/www.caririemacao.com\/1\/wp-json\/wp\/v2\/comments?post=41796"}],"version-history":[{"count":0,"href":"https:\/\/www.caririemacao.com\/1\/wp-json\/wp\/v2\/posts\/41796\/revisions"}],"wp:featuredmedia":[{"embeddable":true,"href":"https:\/\/www.caririemacao.com\/1\/wp-json\/wp\/v2\/media\/36966"}],"wp:attachment":[{"href":"https:\/\/www.caririemacao.com\/1\/wp-json\/wp\/v2\/media?parent=41796"}],"wp:term":[{"taxonomy":"category","embeddable":true,"href":"https:\/\/www.caririemacao.com\/1\/wp-json\/wp\/v2\/categories?post=41796"},{"taxonomy":"post_tag","embeddable":true,"href":"https:\/\/www.caririemacao.com\/1\/wp-json\/wp\/v2\/tags?post=41796"}],"curies":[{"name":"wp","href":"https:\/\/api.w.org\/{rel}","templated":true}]}}