{"id":41803,"date":"2018-02-22T12:49:49","date_gmt":"2018-02-22T15:49:49","guid":{"rendered":"http:\/\/caririemacao.com\/1\/?p=41803"},"modified":"2018-02-22T12:49:49","modified_gmt":"2018-02-22T15:49:49","slug":"acidente-com-monomotor-em-manaus-mata-tres-pessoas","status":"publish","type":"post","link":"https:\/\/www.caririemacao.com\/1\/2018\/02\/22\/acidente-com-monomotor-em-manaus-mata-tres-pessoas\/","title":{"rendered":"Acidente com monomotor em Manaus mata tr\u00eas pessoas"},"content":{"rendered":"<p>Um avi\u00e3o monomotor caiu na manh\u00e3 desta quinta-feira (22) em Manaus, em um terreno baldio pr\u00f3ximo \u00e0 rodovi\u00e1ria da capital amazonense, matando tr\u00eas pessoas das cinco que estavam a bordo. Uma equipe do Corpo de Bombeiros Militar do Amazonas foi a primeira a chegar ao local.<\/p>\n<p>As duas pessoas retiradas com vida pelos bombeiros foram levadas por uma ambul\u00e2ncia do Samu para hospitais da regi\u00e3o. Segundo o capit\u00e3o Vanderson, do Corpo de Bombeiros, um dos feridos estava em estrado grave.<\/p>\n<p>Ele informou tamb\u00e9m que peritos da Aeron\u00e1utica j\u00e1 est\u00e3o no local, colhendo dados para determinar a causa do acidente. O capit\u00e3o avaliou que o piloto evitou uma trag\u00e9dia maior ao desviar a aeronave para uma \u00e1rea desabitada da cidade.<\/p>\n<p>O militar disse ainda que os tr\u00eas corpos permanecem entre as ferragens, aguardando a libera\u00e7\u00e3o pelos legistas do Instituto M\u00e9dico-Legal do Amazonas. O militar n\u00e3o soube informar de onde procedia o avi\u00e3o e nem a identifica\u00e7\u00e3o das v\u00edtimas.<\/p>\n<p><strong>CARIRI EM A\u00c7\u00c3O<\/strong><\/p>\n<p><em>Com Ag\u00eancia Brasil\/<\/em><em>Foto:\u00a0Ag\u00eancia Brasil<\/em><\/p>\n<p><strong>Leia mais not\u00edcias em\u00a0<\/strong><a href=\"http:\/\/www.caririemacao.com\/\"><strong>caririemacao.com<\/strong><\/a><strong>, siga nossa p\u00e1gina no\u00a0<\/strong><a href=\"https:\/\/www.facebook.com\/CaririEmAcao\/?ref=aymt_homepage_panel\"><strong>Facebook<\/strong><\/a>,<strong>\u00a0<\/strong><a href=\"https:\/\/www.instagram.com\/cariri_em_acao\/?hl=pt-br\"><strong>Instagram<\/strong><\/a><strong>\u00a0e\u00a0<\/strong><a href=\"https:\/\/www.youtube.com\/channel\/UCAptA0jQuYQy8vMhLt2m4qg\"><strong>Youtube<\/strong><\/a><strong>\u00a0e veja nossas mat\u00e9rias, v\u00eddeos e fotos. Voc\u00ea tamb\u00e9m pode enviar informa\u00e7\u00f5es \u00e0 Reda\u00e7\u00e3o do Portal Cariri em A\u00e7\u00e3o pelo WhatsApp (83) 9 9634.5791, (83) 9 9601-1162.<\/strong><\/p>\n","protected":false},"excerpt":{"rendered":"<p>Um avi\u00e3o monomotor caiu na manh\u00e3 desta quinta-feira (22) em Manaus, em um terreno baldio pr\u00f3ximo \u00e0 rodovi\u00e1ria da capital amazonense, matando tr\u00eas pessoas das&hellip; <\/p>\n","protected":false},"author":2,"featured_media":41804,"comment_status":"closed","ping_status":"closed","sticky":false,"template":"","format":"standard","meta":{"sfsi_plus_gutenberg_text_before_share":"","sfsi_plus_gutenberg_show_text_before_share":"","sfsi_plus_gutenberg_icon_type":"","sfsi_plus_gutenberg_icon_alignemt":"","sfsi_plus_gutenburg_max_per_row":"","footnotes":""},"categories":[2],"tags":[],"class_list":["post-41803","post","type-post","status-publish","format-standard","has-post-thumbnail","hentry","category-geral"],"_links":{"self":[{"href":"https:\/\/www.caririemacao.com\/1\/wp-json\/wp\/v2\/posts\/41803","targetHints":{"allow":["GET"]}}],"collection":[{"href":"https:\/\/www.caririemacao.com\/1\/wp-json\/wp\/v2\/posts"}],"about":[{"href":"https:\/\/www.caririemacao.com\/1\/wp-json\/wp\/v2\/types\/post"}],"author":[{"embeddable":true,"href":"https:\/\/www.caririemacao.com\/1\/wp-json\/wp\/v2\/users\/2"}],"replies":[{"embeddable":true,"href":"https:\/\/www.caririemacao.com\/1\/wp-json\/wp\/v2\/comments?post=41803"}],"version-history":[{"count":0,"href":"https:\/\/www.caririemacao.com\/1\/wp-json\/wp\/v2\/posts\/41803\/revisions"}],"wp:featuredmedia":[{"embeddable":true,"href":"https:\/\/www.caririemacao.com\/1\/wp-json\/wp\/v2\/media\/41804"}],"wp:attachment":[{"href":"https:\/\/www.caririemacao.com\/1\/wp-json\/wp\/v2\/media?parent=41803"}],"wp:term":[{"taxonomy":"category","embeddable":true,"href":"https:\/\/www.caririemacao.com\/1\/wp-json\/wp\/v2\/categories?post=41803"},{"taxonomy":"post_tag","embeddable":true,"href":"https:\/\/www.caririemacao.com\/1\/wp-json\/wp\/v2\/tags?post=41803"}],"curies":[{"name":"wp","href":"https:\/\/api.w.org\/{rel}","templated":true}]}}