{"id":41809,"date":"2018-02-22T12:58:27","date_gmt":"2018-02-22T15:58:27","guid":{"rendered":"http:\/\/caririemacao.com\/1\/?p=41809"},"modified":"2018-02-22T12:58:27","modified_gmt":"2018-02-22T15:58:27","slug":"dor-na-nuca-pode-ser-causada-por-quatro-condicoes-e-duas-delas-podem-ser-fatais","status":"publish","type":"post","link":"https:\/\/www.caririemacao.com\/1\/2018\/02\/22\/dor-na-nuca-pode-ser-causada-por-quatro-condicoes-e-duas-delas-podem-ser-fatais\/","title":{"rendered":"Dor na nuca pode ser causada por quatro condi\u00e7\u00f5es (e duas delas podem ser fatais"},"content":{"rendered":"<p>Dor na nuca\u00a0\u00e9 uma queixa que pode ser amena ou t\u00e3o intensa a ponto de atrapalhar tarefas cotidianas. Embora possa ser fruto de condi\u00e7\u00f5es benignas, esse inc\u00f4modo tamb\u00e9m pode estar ligado a anomalias que colocam em risco a vida do paciente.<\/p>\n<p>A seguir, veja quais s\u00e3o as\u00a0principais causas da dor na nuca:<\/p>\n<h2>O que causa dor na nuca?<\/h2>\n<p><a href=\"http:\/\/caririemacao.com\/1\/wp-content\/uploads\/2018\/02\/BBJoOvQ.jpg\"><img fetchpriority=\"high\" decoding=\"async\" class=\"aligncenter size-full wp-image-41810\" src=\"http:\/\/caririemacao.com\/1\/wp-content\/uploads\/2018\/02\/BBJoOvQ.jpg\" alt=\"\" width=\"728\" height=\"416\" srcset=\"https:\/\/www.caririemacao.com\/1\/wp-content\/uploads\/2018\/02\/BBJoOvQ.jpg 728w, https:\/\/www.caririemacao.com\/1\/wp-content\/uploads\/2018\/02\/BBJoOvQ-300x171.jpg 300w\" sizes=\"(max-width: 728px) 100vw, 728px\" \/><\/a><\/p>\n<p>Segundo o ortopedista e traumatologista Marcio Alher Fonseca, da Cl\u00ednica Megamed, dores na nuca s\u00e3o muito comuns e podem ser fruto de v\u00e1rias condi\u00e7\u00f5es, sendo as principais:<\/p>\n<h3>Aneurismas de art\u00e9rias vertebrais<\/h3>\n<p>Embora aneurismas cerebrais causem dores na cabe\u00e7a, h\u00e1 outro tipo, chamado de aneurisma de art\u00e9rias vertebrais, que pode gerar dores na nuca que se apresentam de maneira repentina e de forte intensidade.<\/p>\n<p>Essa condi\u00e7\u00e3o afeta os vasos do pesco\u00e7o e, se n\u00e3o tratada, pode ser fatal.<\/p>\n<h3>Condi\u00e7\u00f5es osteomusculares<\/h3>\n<p>Problemas que afetam a parte ortop\u00e9dica tamb\u00e9m causam dores cervicais, como desvios, degenera\u00e7\u00f5es na coluna, contraturas e inflama\u00e7\u00f5es.<\/p>\n<p>Al\u00e9m da dor, ainda pode haver rigidez, travamento e n\u00f3dulos.<\/p>\n<h3>Meningite<\/h3>\n<p>Meningite \u00e9 uma das causas mais graves de dor na nuca, j\u00e1 que a inflama\u00e7\u00e3o na membrana que reveste o c\u00e9rebro e a medula pode evoluir para les\u00f5es que deixam sequelas ou causam morte.<\/p>\n<p>A doen\u00e7a manifesta-se por rigidez e inc\u00f4modo cervical, mal-estar, febre muita alta e v\u00f4mito em jatos.<\/p>\n<h3>Tens\u00e3o muscular<\/h3>\n<p><a href=\"http:\/\/caririemacao.com\/1\/wp-content\/uploads\/2018\/02\/BBJoVeF.jpg\"><img decoding=\"async\" class=\"aligncenter size-full wp-image-41811 lazyload\" data-src=\"http:\/\/caririemacao.com\/1\/wp-content\/uploads\/2018\/02\/BBJoVeF.jpg\" alt=\"\" width=\"728\" height=\"416\" data-srcset=\"https:\/\/www.caririemacao.com\/1\/wp-content\/uploads\/2018\/02\/BBJoVeF.jpg 728w, https:\/\/www.caririemacao.com\/1\/wp-content\/uploads\/2018\/02\/BBJoVeF-300x171.jpg 300w\" data-sizes=\"(max-width: 728px) 100vw, 728px\" src=\"data:image\/svg+xml;base64,PHN2ZyB3aWR0aD0iMSIgaGVpZ2h0PSIxIiB4bWxucz0iaHR0cDovL3d3dy53My5vcmcvMjAwMC9zdmciPjwvc3ZnPg==\" style=\"--smush-placeholder-width: 728px; --smush-placeholder-aspect-ratio: 728\/416;\" \/><\/a><\/p>\n<p>Tens\u00e3o muscular \u00e9 um tipo de dor que surge em decorr\u00eancia de estresse f\u00edsico ou mental, m\u00e1 postura (como se\u00a0reclinar constantemente para ver a tela do celular) ou enfraquecimento muscular causado por sedentarismo.<\/p>\n<p>Esse problema \u00e9 uma das causas mais frequentes de dor na nuca e a falta de cuidados propicia o surgimento de outras les\u00f5es.<\/p>\n<p>A boa not\u00edcia \u00e9 que a tens\u00e3o muscular pode ser amenizada somente pela diminui\u00e7\u00e3o dos fatores causadores do estresse e a pr\u00e1tica regular de atividades f\u00edsicas.<\/p>\n<h2>O que fazer?<\/h2>\n<p>\u00c9 indicado buscar aux\u00edlio de um m\u00e9dico para avaliar a verdadeira raz\u00e3o do inc\u00f4modo. A partir disso, ser\u00e1 poss\u00edvel definir o tratamento mais adequado, o qual pode incluir ado\u00e7\u00e3o de atividades f\u00edsicas, RPG, fisioterapia, acupuntura, medicamentos e\/ou cirurgia.<\/p>\n<p>&nbsp;<\/p>\n<p><strong>CARIRI EM A\u00c7\u00c3O<\/strong><\/p>\n<p><em>Com Vix\/<\/em><em>Foto: Reprodu\u00e7\u00e3o google<\/em><\/p>\n<p><strong>Leia mais not\u00edcias em\u00a0<\/strong><a href=\"http:\/\/www.caririemacao.com\/\"><strong>caririemacao.com<\/strong><\/a><strong>, siga nossa p\u00e1gina no\u00a0<\/strong><a href=\"https:\/\/www.facebook.com\/CaririEmAcao\/?ref=aymt_homepage_panel\"><strong>Facebook<\/strong><\/a>,<strong>\u00a0<\/strong><a href=\"https:\/\/www.instagram.com\/cariri_em_acao\/?hl=pt-br\"><strong>Instagram<\/strong><\/a><strong>\u00a0e\u00a0<\/strong><a href=\"https:\/\/www.youtube.com\/channel\/UCAptA0jQuYQy8vMhLt2m4qg\"><strong>Youtube<\/strong><\/a><strong>\u00a0e veja nossas mat\u00e9rias, v\u00eddeos e fotos. Voc\u00ea tamb\u00e9m pode enviar informa\u00e7\u00f5es \u00e0 Reda\u00e7\u00e3o do Portal Cariri em A\u00e7\u00e3o pelo WhatsApp (83) 9 9634.5791, (83) 9 9601-1162.<\/strong><\/p>\n","protected":false},"excerpt":{"rendered":"<p>Dor na nuca\u00a0\u00e9 uma queixa que pode ser amena ou t\u00e3o intensa a ponto de atrapalhar tarefas cotidianas. Embora possa ser fruto de condi\u00e7\u00f5es benignas,&hellip; <\/p>\n","protected":false},"author":2,"featured_media":41812,"comment_status":"closed","ping_status":"closed","sticky":false,"template":"","format":"standard","meta":{"sfsi_plus_gutenberg_text_before_share":"","sfsi_plus_gutenberg_show_text_before_share":"","sfsi_plus_gutenberg_icon_type":"","sfsi_plus_gutenberg_icon_alignemt":"","sfsi_plus_gutenburg_max_per_row":"","footnotes":""},"categories":[16],"tags":[],"class_list":["post-41809","post","type-post","status-publish","format-standard","has-post-thumbnail","hentry","category-saude"],"_links":{"self":[{"href":"https:\/\/www.caririemacao.com\/1\/wp-json\/wp\/v2\/posts\/41809","targetHints":{"allow":["GET"]}}],"collection":[{"href":"https:\/\/www.caririemacao.com\/1\/wp-json\/wp\/v2\/posts"}],"about":[{"href":"https:\/\/www.caririemacao.com\/1\/wp-json\/wp\/v2\/types\/post"}],"author":[{"embeddable":true,"href":"https:\/\/www.caririemacao.com\/1\/wp-json\/wp\/v2\/users\/2"}],"replies":[{"embeddable":true,"href":"https:\/\/www.caririemacao.com\/1\/wp-json\/wp\/v2\/comments?post=41809"}],"version-history":[{"count":0,"href":"https:\/\/www.caririemacao.com\/1\/wp-json\/wp\/v2\/posts\/41809\/revisions"}],"wp:featuredmedia":[{"embeddable":true,"href":"https:\/\/www.caririemacao.com\/1\/wp-json\/wp\/v2\/media\/41812"}],"wp:attachment":[{"href":"https:\/\/www.caririemacao.com\/1\/wp-json\/wp\/v2\/media?parent=41809"}],"wp:term":[{"taxonomy":"category","embeddable":true,"href":"https:\/\/www.caririemacao.com\/1\/wp-json\/wp\/v2\/categories?post=41809"},{"taxonomy":"post_tag","embeddable":true,"href":"https:\/\/www.caririemacao.com\/1\/wp-json\/wp\/v2\/tags?post=41809"}],"curies":[{"name":"wp","href":"https:\/\/api.w.org\/{rel}","templated":true}]}}