{"id":41866,"date":"2018-02-22T20:31:57","date_gmt":"2018-02-22T23:31:57","guid":{"rendered":"http:\/\/caririemacao.com\/1\/?p=41866"},"modified":"2018-02-22T20:31:57","modified_gmt":"2018-02-22T23:31:57","slug":"liderancas-politicas-de-sao-joao-do-cariri-declaram-apoio-a-gervasio-maia","status":"publish","type":"post","link":"https:\/\/www.caririemacao.com\/1\/2018\/02\/22\/liderancas-politicas-de-sao-joao-do-cariri-declaram-apoio-a-gervasio-maia\/","title":{"rendered":"Lideran\u00e7as pol\u00edticas de S\u00e3o Jo\u00e3o do Cariri declaram apoio a Gerv\u00e1sio Maia"},"content":{"rendered":"<p>Uma comitiva de lideran\u00e7as de pol\u00edticos de S\u00e3o Jo\u00e3o do Cariri foi recebida esta semana na Presid\u00eancia da Assembleia Legislativa da Para\u00edba, deputado Gerv\u00e1sio Mais, atual presidente da Casa Epit\u00e1cio Pessoa.<\/p>\n<p>Na comitiva estavam o vereador e presidente do PSB, George Aquino, os vereadores Juber Ramos (J\u00fa de J\u00f3rio), l\u00edder da oposi\u00e7\u00e3o na C\u00e2mara Municipal, e o vereador D\u00e3o Lima, al\u00e9m da ex-prefeita, Salene Maia, primeiro suplente de vereador pelo PSB, Mico Daniel, o empres\u00e1rio Marcelo Brasileiro, Adriano Maia (filho do ex-prefeito Cloves Ramos) e Wilton Daniel.<\/p>\n<p>Na recep\u00e7\u00e3o, bastante proveitosa, todos sa\u00edram satisfeito pelo compromisso firmado pelo deputado em ajudar o munic\u00edpio de S\u00e3o Jo\u00e3o do Cariri imediatamente, atrav\u00e9s de pleitos levados pelas lideran\u00e7as presentes, inclusive, se comprometendo em visitar a cidade neste pr\u00f3ximo m\u00eas de mar\u00e7o.<\/p>\n<p>Os vereadores e lideran\u00e7as presentes afirmaram que o jovem deputado tem um futuro promissor e \u00e9 compromisso com a Para\u00edba e com a cidade de S\u00e3o Jo\u00e3o do Cariri, por isso, eles seguir\u00e3o, Gerv\u00e1sio Maia, atual pr\u00e9-candidato a deputado federal.<\/p>\n<p>\u201cO deputado merece galgar um patamar superior na C\u00e2mara Federal pelo seu hist\u00f3rico pol\u00edtico e por ser um nome novo para representar a Para\u00edba e S\u00e3o Jo\u00e3o do Cariri em Bras\u00edlia\u201d, comentou George Aquino.<\/p>\n<p><strong>CARIRI EM A\u00c7\u00c3O<\/strong><em style=\"font-weight: inherit;\">\u00a0<\/em><\/p>\n<p><strong>Leia mais not\u00edcias em\u00a0<\/strong><a style=\"font-style: inherit; font-weight: inherit;\" href=\"http:\/\/www.caririemacao.com\/\"><strong style=\"font-style: inherit;\">caririemacao.com<\/strong><\/a><strong style=\"font-style: inherit;\">, siga nossa p\u00e1gina no\u00a0<\/strong><a style=\"font-style: inherit; font-weight: inherit;\" href=\"https:\/\/www.facebook.com\/CaririEmAcao\/?ref=aymt_homepage_panel\"><strong style=\"font-style: inherit;\">Facebook<\/strong><\/a>,<strong style=\"font-style: inherit;\">\u00a0<\/strong><a style=\"font-style: inherit; font-weight: inherit;\" href=\"https:\/\/www.instagram.com\/cariri_em_acao\/?hl=pt-br\"><strong style=\"font-style: inherit;\">Instagram<\/strong><\/a><strong style=\"font-style: inherit;\">\u00a0e\u00a0<\/strong><a style=\"font-style: inherit; font-weight: inherit;\" href=\"https:\/\/www.youtube.com\/channel\/UCAptA0jQuYQy8vMhLt2m4qg\"><strong style=\"font-style: inherit;\">Youtube<\/strong><\/a><strong style=\"font-style: inherit;\">\u00a0e veja nossas mat\u00e9rias, v\u00eddeos e fotos. Voc\u00ea tamb\u00e9m pode enviar informa\u00e7\u00f5es \u00e0 Reda\u00e7\u00e3o do Portal Cariri em A\u00e7\u00e3o pelo WhatsApp (83) 9 9634.5791, (83) 9 9601-1162.<\/strong><\/p>\n","protected":false},"excerpt":{"rendered":"<p>Uma comitiva de lideran\u00e7as de pol\u00edticos de S\u00e3o Jo\u00e3o do Cariri foi recebida esta semana na Presid\u00eancia da Assembleia Legislativa da Para\u00edba, deputado Gerv\u00e1sio Mais,&hellip; <\/p>\n","protected":false},"author":2,"featured_media":41867,"comment_status":"closed","ping_status":"closed","sticky":false,"template":"","format":"standard","meta":{"sfsi_plus_gutenberg_text_before_share":"","sfsi_plus_gutenberg_show_text_before_share":"","sfsi_plus_gutenberg_icon_type":"","sfsi_plus_gutenberg_icon_alignemt":"","sfsi_plus_gutenburg_max_per_row":"","footnotes":""},"categories":[11],"tags":[],"class_list":["post-41866","post","type-post","status-publish","format-standard","has-post-thumbnail","hentry","category-politica"],"_links":{"self":[{"href":"https:\/\/www.caririemacao.com\/1\/wp-json\/wp\/v2\/posts\/41866","targetHints":{"allow":["GET"]}}],"collection":[{"href":"https:\/\/www.caririemacao.com\/1\/wp-json\/wp\/v2\/posts"}],"about":[{"href":"https:\/\/www.caririemacao.com\/1\/wp-json\/wp\/v2\/types\/post"}],"author":[{"embeddable":true,"href":"https:\/\/www.caririemacao.com\/1\/wp-json\/wp\/v2\/users\/2"}],"replies":[{"embeddable":true,"href":"https:\/\/www.caririemacao.com\/1\/wp-json\/wp\/v2\/comments?post=41866"}],"version-history":[{"count":0,"href":"https:\/\/www.caririemacao.com\/1\/wp-json\/wp\/v2\/posts\/41866\/revisions"}],"wp:featuredmedia":[{"embeddable":true,"href":"https:\/\/www.caririemacao.com\/1\/wp-json\/wp\/v2\/media\/41867"}],"wp:attachment":[{"href":"https:\/\/www.caririemacao.com\/1\/wp-json\/wp\/v2\/media?parent=41866"}],"wp:term":[{"taxonomy":"category","embeddable":true,"href":"https:\/\/www.caririemacao.com\/1\/wp-json\/wp\/v2\/categories?post=41866"},{"taxonomy":"post_tag","embeddable":true,"href":"https:\/\/www.caririemacao.com\/1\/wp-json\/wp\/v2\/tags?post=41866"}],"curies":[{"name":"wp","href":"https:\/\/api.w.org\/{rel}","templated":true}]}}