{"id":41900,"date":"2018-02-23T09:23:25","date_gmt":"2018-02-23T12:23:25","guid":{"rendered":"http:\/\/caririemacao.com\/1\/?p=41900"},"modified":"2018-02-23T09:23:25","modified_gmt":"2018-02-23T12:23:25","slug":"chuvas-de-fevereiro-estao-acima-da-media-e-previsao-e-positiva-para-marco","status":"publish","type":"post","link":"https:\/\/www.caririemacao.com\/1\/2018\/02\/23\/chuvas-de-fevereiro-estao-acima-da-media-e-previsao-e-positiva-para-marco\/","title":{"rendered":"Chuvas de fevereiro est\u00e3o acima da m\u00e9dia e previs\u00e3o \u00e9 positiva para mar\u00e7o"},"content":{"rendered":"<p>O balan\u00e7o parcial das chuvas que ca\u00edram neste m\u00eas de fevereiro na Para\u00edba revela que os \u00edndices s\u00e3o acima da m\u00e9dia hist\u00f3rica no estado. As informa\u00e7\u00f5es foram dadas pelo meteorologista da Ag\u00eancia Executiva de Gest\u00e3o da \u00c1guas (Aesa), Alexandre Magno na R\u00e1dio Panor\u00e2mica FM.<\/p>\n<p>Segundo ele, para os pr\u00f3ximos meses a previs\u00e3o \u00e9 animadora, pois as condi\u00e7\u00f5es clim\u00e1ticas atuais est\u00e3o semelhantes \u00e0s que ocorreram nos anos de 2000 e 2011.<\/p>\n<p>\u2013 Em mar\u00e7o ser\u00e1 elaborada uma nova previs\u00e3o, mas o alcance dela segue no mesmo padr\u00e3o da anterior, j\u00e1 que n\u00e3o houve um avan\u00e7o das \u00e1guas quentes no Pac\u00edfico e o Atl\u00e2ntico apresenta uma const\u00e2ncia \u2013 explicou.<\/p>\n<p>Alexandre tamb\u00e9m disse que a possibilidade dos reservat\u00f3rios acumularem aportes h\u00eddricos significativos \u00e9 bem maior, porque nos meses de janeiro e fevereiro ocorreram chuvas que trouxeram umidade ao solo e encheram os pequenos a\u00e7udes, que des\u00e1guam nos grandes mananciais.<\/p>\n<p>\u2013 Mantendo essa regularidade das chuvas, que j\u00e1 abriu o caminho das \u00e1guas, temos impactos favor\u00e1veis na contribui\u00e7\u00e3o h\u00eddrica \u2013 revelou Alexandre, destacando que v\u00e1rios a\u00e7udes tiveram aportes h\u00eddricos superiores a 1 milh\u00e3o de metros c\u00fabicos nos \u00faltimos dias.<\/p>\n<p><strong>CARIRI EM A\u00c7\u00c3O<\/strong><\/p>\n<p><em>Com Paraibaonline\/Foto: Reprodu\u00e7\u00e3o Internet<\/em><\/p>\n<p><strong>Leia mais not\u00edcias em\u00a0<\/strong><a href=\"http:\/\/www.caririemacao.com\/\"><strong>caririemacao.com<\/strong><\/a><strong>, siga nossa p\u00e1gina no\u00a0<\/strong><a href=\"https:\/\/www.facebook.com\/CaririEmAcao\/?ref=aymt_homepage_panel\"><strong>Facebook<\/strong><\/a>,<strong>\u00a0<\/strong><a href=\"https:\/\/www.instagram.com\/cariri_em_acao\/?hl=pt-br\"><strong>Instagram<\/strong><\/a><strong>\u00a0e <\/strong><a href=\"https:\/\/www.youtube.com\/channel\/UCAptA0jQuYQy8vMhLt2m4qg\"><strong>Youtube<\/strong><\/a><strong>\u00a0e veja nossas mat\u00e9rias, v\u00eddeos e fotos. Voc\u00ea tamb\u00e9m pode enviar informa\u00e7\u00f5es \u00e0 Reda\u00e7\u00e3o do Portal Cariri em A\u00e7\u00e3o pelo WhatsApp (83) 9 9634.5791, (83) 9 9601-1162.<\/strong><\/p>\n","protected":false},"excerpt":{"rendered":"<p>O balan\u00e7o parcial das chuvas que ca\u00edram neste m\u00eas de fevereiro na Para\u00edba revela que os \u00edndices s\u00e3o acima da m\u00e9dia hist\u00f3rica no estado. As&hellip; <\/p>\n","protected":false},"author":2,"featured_media":9645,"comment_status":"closed","ping_status":"closed","sticky":false,"template":"","format":"standard","meta":{"sfsi_plus_gutenberg_text_before_share":"","sfsi_plus_gutenberg_show_text_before_share":"","sfsi_plus_gutenberg_icon_type":"","sfsi_plus_gutenberg_icon_alignemt":"","sfsi_plus_gutenburg_max_per_row":"","footnotes":""},"categories":[2],"tags":[],"class_list":["post-41900","post","type-post","status-publish","format-standard","has-post-thumbnail","hentry","category-geral"],"_links":{"self":[{"href":"https:\/\/www.caririemacao.com\/1\/wp-json\/wp\/v2\/posts\/41900","targetHints":{"allow":["GET"]}}],"collection":[{"href":"https:\/\/www.caririemacao.com\/1\/wp-json\/wp\/v2\/posts"}],"about":[{"href":"https:\/\/www.caririemacao.com\/1\/wp-json\/wp\/v2\/types\/post"}],"author":[{"embeddable":true,"href":"https:\/\/www.caririemacao.com\/1\/wp-json\/wp\/v2\/users\/2"}],"replies":[{"embeddable":true,"href":"https:\/\/www.caririemacao.com\/1\/wp-json\/wp\/v2\/comments?post=41900"}],"version-history":[{"count":0,"href":"https:\/\/www.caririemacao.com\/1\/wp-json\/wp\/v2\/posts\/41900\/revisions"}],"wp:featuredmedia":[{"embeddable":true,"href":"https:\/\/www.caririemacao.com\/1\/wp-json\/wp\/v2\/media\/9645"}],"wp:attachment":[{"href":"https:\/\/www.caririemacao.com\/1\/wp-json\/wp\/v2\/media?parent=41900"}],"wp:term":[{"taxonomy":"category","embeddable":true,"href":"https:\/\/www.caririemacao.com\/1\/wp-json\/wp\/v2\/categories?post=41900"},{"taxonomy":"post_tag","embeddable":true,"href":"https:\/\/www.caririemacao.com\/1\/wp-json\/wp\/v2\/tags?post=41900"}],"curies":[{"name":"wp","href":"https:\/\/api.w.org\/{rel}","templated":true}]}}