{"id":41978,"date":"2018-02-23T17:50:56","date_gmt":"2018-02-23T20:50:56","guid":{"rendered":"http:\/\/caririemacao.com\/1\/?p=41978"},"modified":"2018-02-23T17:50:56","modified_gmt":"2018-02-23T20:50:56","slug":"irmaos-suspeitos-de-matar-a-propria-mae-sao-presos","status":"publish","type":"post","link":"https:\/\/www.caririemacao.com\/1\/2018\/02\/23\/irmaos-suspeitos-de-matar-a-propria-mae-sao-presos\/","title":{"rendered":"Irm\u00e3os suspeitos de matar a pr\u00f3pria m\u00e3e s\u00e3o presos"},"content":{"rendered":"<p>Edival C\u00e2ndido da Silva e Adalberto C\u00e2ndido da Silva foram irm\u00e3os. Eles foram presos durante uma opera\u00e7\u00e3o da Pol\u00edcia Militar e da Pol\u00edcia Civil da Para\u00edba na manh\u00e3 desta sexta-feira (23). O crime que teriam cometido \u00e9 o homic\u00eddio de Roberto Julio da Silva.<\/p>\n<p>Al\u00e9m da morte de Roberto Julio, que teria acontecido por asfixia, os dois irm\u00e3os ainda s\u00e3o suspeitos de um outro crime, ocorrido h\u00e1 tr\u00eas anos: eles teriam matado, tamb\u00e9m por asfixia, a pr\u00f3pria m\u00e3e. De acordo com a per\u00edcia realizada na \u00e9poca, eles teriam usado fios para amarrar o pesco\u00e7o da m\u00e3e at\u00e9 que ela n\u00e3o tivesse mais oxig\u00eanio e morresse.<\/p>\n<p>Os dois foram presos junto com Geudo Novo Agostinho, que tamb\u00e9m teria envolvimento na morte de Roberto Julio da Silva. De acordo com testemunhas os tr\u00eas homens bebiam com a v\u00edtima em um bar, na cidade de Paulista, no Sert\u00e3o. A pris\u00e3o dos tr\u00eas aconteceu em Patos, e eles foram levados \u00e0 Delegacia Seccional de pol\u00edcia Civil na cidade onde dever\u00e3o aguardar audi\u00eancia de cust\u00f3dia.<\/p>\n<p><strong>CARIRI EM A\u00c7\u00c3O<\/strong><\/p>\n<p><em>Com Clik PB\/Foto: Reprodu\u00e7\u00e3o Internet<\/em><\/p>\n<p><strong>Leia mais not\u00edcias em\u00a0<\/strong><a href=\"http:\/\/www.caririemacao.com\/\"><strong>caririemacao.com<\/strong><\/a><strong>, siga nossa p\u00e1gina no\u00a0<\/strong><a href=\"https:\/\/www.facebook.com\/CaririEmAcao\/?ref=aymt_homepage_panel\"><strong>Facebook<\/strong><\/a>,<strong>\u00a0<\/strong><a href=\"https:\/\/www.instagram.com\/cariri_em_acao\/?hl=pt-br\"><strong>Instagram<\/strong><\/a><strong>\u00a0e\u00a0<\/strong><a href=\"https:\/\/www.youtube.com\/channel\/UCAptA0jQuYQy8vMhLt2m4qg\"><strong>Youtube<\/strong><\/a><strong>\u00a0e veja nossas mat\u00e9rias, v\u00eddeos e fotos. Voc\u00ea tamb\u00e9m pode enviar informa\u00e7\u00f5es \u00e0 Reda\u00e7\u00e3o do Portal Cariri em A\u00e7\u00e3o pelo WhatsApp (83) 9 9634.5791, (83) 9 9601-1162.<\/strong><\/p>\n","protected":false},"excerpt":{"rendered":"<p>Edival C\u00e2ndido da Silva e Adalberto C\u00e2ndido da Silva foram irm\u00e3os. Eles foram presos durante uma opera\u00e7\u00e3o da Pol\u00edcia Militar e da Pol\u00edcia Civil da&hellip; <\/p>\n","protected":false},"author":2,"featured_media":41979,"comment_status":"closed","ping_status":"closed","sticky":false,"template":"","format":"standard","meta":{"sfsi_plus_gutenberg_text_before_share":"","sfsi_plus_gutenberg_show_text_before_share":"","sfsi_plus_gutenberg_icon_type":"","sfsi_plus_gutenberg_icon_alignemt":"","sfsi_plus_gutenburg_max_per_row":"","footnotes":""},"categories":[12],"tags":[],"class_list":["post-41978","post","type-post","status-publish","format-standard","has-post-thumbnail","hentry","category-policia"],"_links":{"self":[{"href":"https:\/\/www.caririemacao.com\/1\/wp-json\/wp\/v2\/posts\/41978","targetHints":{"allow":["GET"]}}],"collection":[{"href":"https:\/\/www.caririemacao.com\/1\/wp-json\/wp\/v2\/posts"}],"about":[{"href":"https:\/\/www.caririemacao.com\/1\/wp-json\/wp\/v2\/types\/post"}],"author":[{"embeddable":true,"href":"https:\/\/www.caririemacao.com\/1\/wp-json\/wp\/v2\/users\/2"}],"replies":[{"embeddable":true,"href":"https:\/\/www.caririemacao.com\/1\/wp-json\/wp\/v2\/comments?post=41978"}],"version-history":[{"count":0,"href":"https:\/\/www.caririemacao.com\/1\/wp-json\/wp\/v2\/posts\/41978\/revisions"}],"wp:featuredmedia":[{"embeddable":true,"href":"https:\/\/www.caririemacao.com\/1\/wp-json\/wp\/v2\/media\/41979"}],"wp:attachment":[{"href":"https:\/\/www.caririemacao.com\/1\/wp-json\/wp\/v2\/media?parent=41978"}],"wp:term":[{"taxonomy":"category","embeddable":true,"href":"https:\/\/www.caririemacao.com\/1\/wp-json\/wp\/v2\/categories?post=41978"},{"taxonomy":"post_tag","embeddable":true,"href":"https:\/\/www.caririemacao.com\/1\/wp-json\/wp\/v2\/tags?post=41978"}],"curies":[{"name":"wp","href":"https:\/\/api.w.org\/{rel}","templated":true}]}}