{"id":41981,"date":"2018-02-23T17:53:44","date_gmt":"2018-02-23T20:53:44","guid":{"rendered":"http:\/\/caririemacao.com\/1\/?p=41981"},"modified":"2018-02-23T17:53:44","modified_gmt":"2018-02-23T20:53:44","slug":"homem-e-condenado-a-17-anos-de-prisao-por-matar-e-enterrar-sogra-em-casa-na-pb","status":"publish","type":"post","link":"https:\/\/www.caririemacao.com\/1\/2018\/02\/23\/homem-e-condenado-a-17-anos-de-prisao-por-matar-e-enterrar-sogra-em-casa-na-pb\/","title":{"rendered":"Homem \u00e9 condenado a 17 anos de pris\u00e3o por matar e enterrar sogra em casa, na PB"},"content":{"rendered":"<div class=\"mc-column content-text active-extra-styles active-capital-letter\" data-block-type=\"unstyled\" data-block-weight=\"53\" data-block-id=\"2\">\n<p class=\"content-text__container theme-color-primary-first-letter\" data-track-category=\"Link no Texto\" data-track-links=\"\">Cassiano Gon\u00e7alo Patr\u00edcio foi condenado a 17 anos de pris\u00e3o, inicialmente em regime fechado,\u00a0por ter matado e enterrado sua sogra na despensa de casa, no ano de 2016. O j\u00fari popular ocorreu nesta sexta-feira (23), em Jo\u00e3o Pessoa. A defesa j\u00e1 alegou que vai recorrer da decis\u00e3o do 1\u00ba Tribunal do J\u00fari.<\/p>\n<\/div>\n<div class=\"mc-column content-text active-extra-styles \" data-block-type=\"unstyled\" data-block-weight=\"69\" data-block-id=\"3\">\n<p class=\"content-text__container \" data-track-category=\"Link no Texto\" data-track-links=\"\">No dia 5 deste m\u00eas, o julgamento foi adiado pela aus\u00eancia de um jurado. Cassiano Gon\u00e7alo foi denunciado pelo Minist\u00e9rio P\u00fablico pelos crimes de homic\u00eddio qualificado e oculta\u00e7\u00e3o de cad\u00e1ver. A defesa requereu a desclassifica\u00e7\u00e3o do delito, para o homic\u00eddio privilegiado, afirmando que o r\u00e9u sofreu ofensas que teriam motivado a morte da v\u00edtima, mas um parecer requereu a pron\u00fancia do denunciado e o julgamento pelo Tribunal do J\u00fari.<\/p>\n<\/div>\n<div class=\"mc-column content-text active-extra-styles \" data-block-type=\"unstyled\" data-block-weight=\"68\" data-block-id=\"4\">\n<p class=\"content-text__container \" data-track-category=\"Link no Texto\" data-track-links=\"\">Na \u00e9poca em que o assassinato foi descoberto, a pol\u00edcia informou que ele havia confessado a autoria do crime e disse que queria ficar com os bens da v\u00edtima. Maria do Socorro Gomes Freitas ficou desaparecida por uma semana, at\u00e9 que os policiais do servi\u00e7o de intelig\u00eancia receberam uma den\u00fancia an\u00f4nima de que ela estava enterrada dentro da pr\u00f3pria casa. A mulher foi encontrada na despensa da resid\u00eancia.<\/p>\n<\/div>\n<div data-track-category=\"fim do conteudo\" data-track-action=\"ultimo chunk conteudo\" data-track-noninteraction=\"false\" data-track-scroll=\"entrada completa viewport\">\n<div class=\"mc-column content-text active-extra-styles \" data-block-type=\"unstyled\" data-block-weight=\"87\" data-block-id=\"5\">\n<p class=\"content-text__container \" data-track-category=\"Link no Texto\" data-track-links=\"\">Durante as investiga\u00e7\u00f5es, uma vizinha da v\u00edtima disse que o genro morava na mesma casa dela havia pouco tempo, mas que a rela\u00e7\u00e3o entre eles era marcada por conflitos. \u201cRecentemente ela estava morando com a filha, o genro e um neto beb\u00ea. Com a filha ela tentava manter uma rela\u00e7\u00e3o boa, mas, de um tempo pra c\u00e1, quando o genro veio morar junto, eles come\u00e7aram a se desentender. Ela exigia que ele trabalhasse para sustentar a filha dela, mas ele n\u00e3o queria\u201d, disse a amiga da fam\u00edlia.<\/p>\n<p><strong>CARIRI EM A\u00c7\u00c3O<\/strong><\/p>\n<p><em>Com G1\/Foto: Reprodu\u00e7\u00e3o Internet<\/em><\/p>\n<p><strong>Leia mais not\u00edcias em\u00a0<\/strong><a href=\"http:\/\/www.caririemacao.com\/\"><strong>caririemacao.com<\/strong><\/a><strong>, siga nossa p\u00e1gina no\u00a0<\/strong><a href=\"https:\/\/www.facebook.com\/CaririEmAcao\/?ref=aymt_homepage_panel\"><strong>Facebook<\/strong><\/a>,<strong>\u00a0<\/strong><a href=\"https:\/\/www.instagram.com\/cariri_em_acao\/?hl=pt-br\"><strong>Instagram<\/strong><\/a><strong>\u00a0e\u00a0<\/strong><a href=\"https:\/\/www.youtube.com\/channel\/UCAptA0jQuYQy8vMhLt2m4qg\"><strong>Youtube<\/strong><\/a><strong>\u00a0e veja nossas mat\u00e9rias, v\u00eddeos e fotos. Voc\u00ea tamb\u00e9m pode enviar informa\u00e7\u00f5es \u00e0 Reda\u00e7\u00e3o do Portal Cariri em A\u00e7\u00e3o pelo WhatsApp (83) 9 9634.5791, (83) 9 9601-1162.<\/strong><\/p>\n<\/div>\n<\/div>\n","protected":false},"excerpt":{"rendered":"<p>Cassiano Gon\u00e7alo Patr\u00edcio foi condenado a 17 anos de pris\u00e3o, inicialmente em regime fechado,\u00a0por ter matado e enterrado sua sogra na despensa de casa, no&hellip; <\/p>\n","protected":false},"author":2,"featured_media":41152,"comment_status":"closed","ping_status":"closed","sticky":false,"template":"","format":"standard","meta":{"sfsi_plus_gutenberg_text_before_share":"","sfsi_plus_gutenberg_show_text_before_share":"","sfsi_plus_gutenberg_icon_type":"","sfsi_plus_gutenberg_icon_alignemt":"","sfsi_plus_gutenburg_max_per_row":"","footnotes":""},"categories":[12],"tags":[],"class_list":["post-41981","post","type-post","status-publish","format-standard","has-post-thumbnail","hentry","category-policia"],"_links":{"self":[{"href":"https:\/\/www.caririemacao.com\/1\/wp-json\/wp\/v2\/posts\/41981","targetHints":{"allow":["GET"]}}],"collection":[{"href":"https:\/\/www.caririemacao.com\/1\/wp-json\/wp\/v2\/posts"}],"about":[{"href":"https:\/\/www.caririemacao.com\/1\/wp-json\/wp\/v2\/types\/post"}],"author":[{"embeddable":true,"href":"https:\/\/www.caririemacao.com\/1\/wp-json\/wp\/v2\/users\/2"}],"replies":[{"embeddable":true,"href":"https:\/\/www.caririemacao.com\/1\/wp-json\/wp\/v2\/comments?post=41981"}],"version-history":[{"count":0,"href":"https:\/\/www.caririemacao.com\/1\/wp-json\/wp\/v2\/posts\/41981\/revisions"}],"wp:featuredmedia":[{"embeddable":true,"href":"https:\/\/www.caririemacao.com\/1\/wp-json\/wp\/v2\/media\/41152"}],"wp:attachment":[{"href":"https:\/\/www.caririemacao.com\/1\/wp-json\/wp\/v2\/media?parent=41981"}],"wp:term":[{"taxonomy":"category","embeddable":true,"href":"https:\/\/www.caririemacao.com\/1\/wp-json\/wp\/v2\/categories?post=41981"},{"taxonomy":"post_tag","embeddable":true,"href":"https:\/\/www.caririemacao.com\/1\/wp-json\/wp\/v2\/tags?post=41981"}],"curies":[{"name":"wp","href":"https:\/\/api.w.org\/{rel}","templated":true}]}}