{"id":41999,"date":"2018-02-23T18:27:16","date_gmt":"2018-02-23T21:27:16","guid":{"rendered":"http:\/\/caririemacao.com\/1\/?p=41999"},"modified":"2018-02-23T18:27:16","modified_gmt":"2018-02-23T21:27:16","slug":"bolsa-familia-podera-ter-cartao-de-material-escolar","status":"publish","type":"post","link":"https:\/\/www.caririemacao.com\/1\/2018\/02\/23\/bolsa-familia-podera-ter-cartao-de-material-escolar\/","title":{"rendered":"Bolsa Fam\u00edlia poder\u00e1 ter cart\u00e3o de material escolar"},"content":{"rendered":"<p>Est\u00e1 na pauta da Comiss\u00e3o de Assuntos Sociais (CAS), em reuni\u00e3o prevista para a pr\u00f3xima quarta-feira (28), a an\u00e1lise do parecer de Otto Alencar (PSD-BA) favor\u00e1vel ao projeto que concede aos benefici\u00e1rios do programa Bolsa Fam\u00edlia (PBF) o Cart\u00e3o Material Escolar.<\/p>\n<p>A proposta, de L\u00facia V\u00e2nia (PSB-GO), determina a transfer\u00eancia direta de recursos \u00e0s fam\u00edlias que fazem parte do PBF, que tenham em sua composi\u00e7\u00e3o crian\u00e7as e adolescentes entre 4 e 17 anos, matriculados em escolas p\u00fablicas.<\/p>\n<p>O aux\u00edlio ter\u00e1 a forma de cart\u00f5es magn\u00e9ticos fornecidos aos pais e baseia-se no programa Cart\u00e3o Material Escolar, que existe no Distrito Federal desde 2013.<\/p>\n<p>Pelo texto, estes cart\u00f5es ter\u00e3o a fun\u00e7\u00e3o exclusiva de d\u00e9bito e s\u00f3 poder\u00e3o ser usados em estabelecimentos credenciados pelo sistema de ensino. Os valores dispon\u00edveis variar\u00e3o de acordo com as etapas da educa\u00e7\u00e3o b\u00e1sica e as modalidades em que estejam matriculados os alunos, al\u00e9m do custo m\u00e9dio do material escolar no respectivo estado.<\/p>\n<p>Os recursos dever\u00e3o vir de conv\u00eanios firmados pelo governo federal com os governos estaduais e municipais, previsto o apoio por meio das destina\u00e7\u00f5es que visam o desenvolvimento e manuten\u00e7\u00e3o do ensino, al\u00e9m de outras rubricas or\u00e7ament\u00e1rias.<\/p>\n<p>\u201cO projeto \u00e9 bom e tem uma grande vantagem: baseia-se em uma experi\u00eancia j\u00e1 testada e aprovada, no caso o Cart\u00e3o Material Escolar no Distrito Federal. A proposta promove a autonomia cidad\u00e3 no pa\u00eds\u201d, pontua Otto em seu relat\u00f3rio.<\/p>\n<p>Na justificativa, L\u00facia V\u00e2nia ainda menciona o impacto positivo que a medida pode ter na dinamiza\u00e7\u00e3o do com\u00e9rcio em munic\u00edpios mais pobres do interior do pa\u00eds, por meio da circula\u00e7\u00e3o destes recursos destinados \u00e0 educa\u00e7\u00e3o.<\/p>\n<p>O projeto \u00e9 terminativo e, caso aprovado, ir\u00e1 para a C\u00e2mara dos Deputados. Outras 10 propostas est\u00e3o na pauta da CAS para quarta-feira.<\/p>\n<p><strong>CARIRI EM A\u00c7\u00c3O<\/strong><\/p>\n<p><em>Com Mais PB\/Foto: Reprodu\u00e7\u00e3o Internet<\/em><\/p>\n<p><strong>Leia mais not\u00edcias em\u00a0<\/strong><a href=\"http:\/\/www.caririemacao.com\/\"><strong>caririemacao.com<\/strong><\/a><strong>, siga nossa p\u00e1gina no\u00a0<\/strong><a href=\"https:\/\/www.facebook.com\/CaririEmAcao\/?ref=aymt_homepage_panel\"><strong>Facebook<\/strong><\/a>,<strong>\u00a0<\/strong><a href=\"https:\/\/www.instagram.com\/cariri_em_acao\/?hl=pt-br\"><strong>Instagram<\/strong><\/a><strong>\u00a0e\u00a0<\/strong><a href=\"https:\/\/www.youtube.com\/channel\/UCAptA0jQuYQy8vMhLt2m4qg\"><strong>Youtube<\/strong><\/a><strong>\u00a0e veja nossas mat\u00e9rias, v\u00eddeos e fotos. Voc\u00ea tamb\u00e9m pode enviar informa\u00e7\u00f5es \u00e0 Reda\u00e7\u00e3o do Portal Cariri em A\u00e7\u00e3o pelo WhatsApp (83) 9 9634.5791, (83) 9 9601-1162.<\/strong><\/p>\n","protected":false},"excerpt":{"rendered":"<p>Est\u00e1 na pauta da Comiss\u00e3o de Assuntos Sociais (CAS), em reuni\u00e3o prevista para a pr\u00f3xima quarta-feira (28), a an\u00e1lise do parecer de Otto Alencar (PSD-BA)&hellip; <\/p>\n","protected":false},"author":2,"featured_media":7542,"comment_status":"closed","ping_status":"closed","sticky":false,"template":"","format":"standard","meta":{"sfsi_plus_gutenberg_text_before_share":"","sfsi_plus_gutenberg_show_text_before_share":"","sfsi_plus_gutenberg_icon_type":"","sfsi_plus_gutenberg_icon_alignemt":"","sfsi_plus_gutenburg_max_per_row":"","footnotes":""},"categories":[2],"tags":[],"class_list":["post-41999","post","type-post","status-publish","format-standard","has-post-thumbnail","hentry","category-geral"],"_links":{"self":[{"href":"https:\/\/www.caririemacao.com\/1\/wp-json\/wp\/v2\/posts\/41999","targetHints":{"allow":["GET"]}}],"collection":[{"href":"https:\/\/www.caririemacao.com\/1\/wp-json\/wp\/v2\/posts"}],"about":[{"href":"https:\/\/www.caririemacao.com\/1\/wp-json\/wp\/v2\/types\/post"}],"author":[{"embeddable":true,"href":"https:\/\/www.caririemacao.com\/1\/wp-json\/wp\/v2\/users\/2"}],"replies":[{"embeddable":true,"href":"https:\/\/www.caririemacao.com\/1\/wp-json\/wp\/v2\/comments?post=41999"}],"version-history":[{"count":0,"href":"https:\/\/www.caririemacao.com\/1\/wp-json\/wp\/v2\/posts\/41999\/revisions"}],"wp:featuredmedia":[{"embeddable":true,"href":"https:\/\/www.caririemacao.com\/1\/wp-json\/wp\/v2\/media\/7542"}],"wp:attachment":[{"href":"https:\/\/www.caririemacao.com\/1\/wp-json\/wp\/v2\/media?parent=41999"}],"wp:term":[{"taxonomy":"category","embeddable":true,"href":"https:\/\/www.caririemacao.com\/1\/wp-json\/wp\/v2\/categories?post=41999"},{"taxonomy":"post_tag","embeddable":true,"href":"https:\/\/www.caririemacao.com\/1\/wp-json\/wp\/v2\/tags?post=41999"}],"curies":[{"name":"wp","href":"https:\/\/api.w.org\/{rel}","templated":true}]}}