{"id":42001,"date":"2018-02-23T18:29:49","date_gmt":"2018-02-23T21:29:49","guid":{"rendered":"http:\/\/caririemacao.com\/1\/?p=42001"},"modified":"2018-02-23T18:29:49","modified_gmt":"2018-02-23T21:29:49","slug":"serra-branca-da-inicio-a-projeto-de-monitoramento-e-seguranca-na-cidade","status":"publish","type":"post","link":"https:\/\/www.caririemacao.com\/1\/2018\/02\/23\/serra-branca-da-inicio-a-projeto-de-monitoramento-e-seguranca-na-cidade\/","title":{"rendered":"Serra Branca d\u00e1 in\u00edcio a projeto de monitoramento e seguran\u00e7a na cidade"},"content":{"rendered":"<p>Ap\u00f3s diversas reuni\u00f5es com o diretor de Transporte e Tr\u00e2nsito, representantes da empresa provedora de internet, e alguns Policiais Militares, bem como o setor de licita\u00e7\u00e3o, a cidade de Serra Branca poder\u00e1 enfim, gozar de mais seguran\u00e7a nas ruas da cidade.<\/p>\n<p>O prefeito Souzinha autorizou nesta manh\u00e3, 23, o in\u00edcio da opera\u00e7\u00e3o de instala\u00e7\u00e3o das c\u00e2meras no centro de Serra Branca. A\u00e7\u00e3o que vem sendo planejada desde o m\u00eas de setembro de 2017 em resposta a grande onda de assaltos observados na \u00e9poca.<\/p>\n<p>\u201cAssim toda a popula\u00e7\u00e3o ter\u00e1 mais seguran\u00e7a, al\u00e9m de contar com esse equipamento de primeiro mundo, os Policiais Militares da 3\u00aaCia ter\u00e3o acesso 24h por dia \u00e0s imagens, garantindo assim uma parceria. \u00c9 melhor seguran\u00e7a para nossa cidade\u201d expressa o Comandante da PM da cidade.<\/p>\n<p>Essa \u00e9 a primeira etapa, e o prefeito dar\u00e1 continuidade assim que estiver tudo regularizado, instalando em mais pontos estrat\u00e9gicos para maior seguran\u00e7a para todos os serrabranquenses.<\/p>\n<p>\u201cVamos instalar as C\u00e2meras e melhorar a seguran\u00e7a de nossa cidade porque nossa gest\u00e3o tamb\u00e9m se preocupa com a seguran\u00e7a de nossa popula\u00e7\u00e3o\u201d, enfatizou o Souzinha.<\/p>\n<p><strong>CARIRI EM A\u00c7\u00c3O<\/strong><\/p>\n<p><em>Com Vitrine do Cariri\/Foto: Reprodu\u00e7\u00e3o Internet<\/em><\/p>\n<p><strong>Leia mais not\u00edcias em\u00a0<\/strong><a href=\"http:\/\/www.caririemacao.com\/\"><strong>caririemacao.com<\/strong><\/a><strong>, siga nossa p\u00e1gina no\u00a0<\/strong><a href=\"https:\/\/www.facebook.com\/CaririEmAcao\/?ref=aymt_homepage_panel\"><strong>Facebook<\/strong><\/a>,<strong>\u00a0<\/strong><a href=\"https:\/\/www.instagram.com\/cariri_em_acao\/?hl=pt-br\"><strong>Instagram<\/strong><\/a><strong>\u00a0e\u00a0<\/strong><a href=\"https:\/\/www.youtube.com\/channel\/UCAptA0jQuYQy8vMhLt2m4qg\"><strong>Youtube<\/strong><\/a><strong>\u00a0e veja nossas mat\u00e9rias, v\u00eddeos e fotos. Voc\u00ea tamb\u00e9m pode enviar informa\u00e7\u00f5es \u00e0 Reda\u00e7\u00e3o do Portal Cariri em A\u00e7\u00e3o pelo WhatsApp (83) 9 9634.5791, (83) 9 9601-1162.<\/strong><\/p>\n","protected":false},"excerpt":{"rendered":"<p>Ap\u00f3s diversas reuni\u00f5es com o diretor de Transporte e Tr\u00e2nsito, representantes da empresa provedora de internet, e alguns Policiais Militares, bem como o setor de&hellip; <\/p>\n","protected":false},"author":2,"featured_media":42002,"comment_status":"closed","ping_status":"closed","sticky":false,"template":"","format":"standard","meta":{"sfsi_plus_gutenberg_text_before_share":"","sfsi_plus_gutenberg_show_text_before_share":"","sfsi_plus_gutenberg_icon_type":"","sfsi_plus_gutenberg_icon_alignemt":"","sfsi_plus_gutenburg_max_per_row":"","footnotes":""},"categories":[6],"tags":[],"class_list":["post-42001","post","type-post","status-publish","format-standard","has-post-thumbnail","hentry","category-cidades"],"_links":{"self":[{"href":"https:\/\/www.caririemacao.com\/1\/wp-json\/wp\/v2\/posts\/42001","targetHints":{"allow":["GET"]}}],"collection":[{"href":"https:\/\/www.caririemacao.com\/1\/wp-json\/wp\/v2\/posts"}],"about":[{"href":"https:\/\/www.caririemacao.com\/1\/wp-json\/wp\/v2\/types\/post"}],"author":[{"embeddable":true,"href":"https:\/\/www.caririemacao.com\/1\/wp-json\/wp\/v2\/users\/2"}],"replies":[{"embeddable":true,"href":"https:\/\/www.caririemacao.com\/1\/wp-json\/wp\/v2\/comments?post=42001"}],"version-history":[{"count":0,"href":"https:\/\/www.caririemacao.com\/1\/wp-json\/wp\/v2\/posts\/42001\/revisions"}],"wp:featuredmedia":[{"embeddable":true,"href":"https:\/\/www.caririemacao.com\/1\/wp-json\/wp\/v2\/media\/42002"}],"wp:attachment":[{"href":"https:\/\/www.caririemacao.com\/1\/wp-json\/wp\/v2\/media?parent=42001"}],"wp:term":[{"taxonomy":"category","embeddable":true,"href":"https:\/\/www.caririemacao.com\/1\/wp-json\/wp\/v2\/categories?post=42001"},{"taxonomy":"post_tag","embeddable":true,"href":"https:\/\/www.caririemacao.com\/1\/wp-json\/wp\/v2\/tags?post=42001"}],"curies":[{"name":"wp","href":"https:\/\/api.w.org\/{rel}","templated":true}]}}