{"id":42048,"date":"2018-02-24T21:21:32","date_gmt":"2018-02-25T00:21:32","guid":{"rendered":"http:\/\/caririemacao.com\/1\/?p=42048"},"modified":"2018-02-25T09:03:28","modified_gmt":"2018-02-25T12:03:28","slug":"parlamento-gurjaoense-realiza-a-2a-sessao-ordinaria-de-2018","status":"publish","type":"post","link":"https:\/\/www.caririemacao.com\/1\/2018\/02\/24\/parlamento-gurjaoense-realiza-a-2a-sessao-ordinaria-de-2018\/","title":{"rendered":"Parlamento gurj\u00e3oense realiza a 2\u00aa sess\u00e3o ordin\u00e1ria de 2018"},"content":{"rendered":"<p>A C\u00e2mara Municipal de Gurj\u00e3o, \u201cCasa Agripino de Farias Gurj\u00e3o\u201d, realizou na noite dessa sexta-feira (23), a segunda sess\u00e3o ordin\u00e1ria de 2018 sob a presid\u00eancia do vereador Adailson Queiroz. Estiveram presentes, al\u00e9m do presidente, os vereadores Robson Cordeiro, Claudio Marcelo, Maria Elizete, J\u00fanior Morais, Diogo Coutinho e Alexsandro Cavalcante.<\/p>\n<p><a href=\"http:\/\/caririemacao.com\/1\/wp-content\/uploads\/2018\/02\/IMG_1964.jpg\"><img fetchpriority=\"high\" decoding=\"async\" class=\"aligncenter size-full wp-image-42098\" src=\"http:\/\/caririemacao.com\/1\/wp-content\/uploads\/2018\/02\/IMG_1964.jpg\" alt=\"\" width=\"800\" height=\"533\" srcset=\"https:\/\/www.caririemacao.com\/1\/wp-content\/uploads\/2018\/02\/IMG_1964.jpg 800w, https:\/\/www.caririemacao.com\/1\/wp-content\/uploads\/2018\/02\/IMG_1964-300x200.jpg 300w, https:\/\/www.caririemacao.com\/1\/wp-content\/uploads\/2018\/02\/IMG_1964-768x512.jpg 768w\" sizes=\"(max-width: 800px) 100vw, 800px\" \/><\/a><\/p>\n<p>Estiveram ausentes os vereadores Gilberto Farias e Niselma Martins, ambos justificaram suas aus\u00eancias junto \u00e0 mesa diretora da casa.<\/p>\n<p><strong>Durante a sess\u00e3o foram apresentados e aprovados os seguintes requerimentos:<\/strong><\/p>\n<p><a href=\"http:\/\/caririemacao.com\/1\/wp-content\/uploads\/2018\/02\/IMG_1973.jpg\"><img decoding=\"async\" class=\"aligncenter size-full wp-image-42089 lazyload\" data-src=\"http:\/\/caririemacao.com\/1\/wp-content\/uploads\/2018\/02\/IMG_1973.jpg\" alt=\"\" width=\"800\" height=\"533\" data-srcset=\"https:\/\/www.caririemacao.com\/1\/wp-content\/uploads\/2018\/02\/IMG_1973.jpg 800w, https:\/\/www.caririemacao.com\/1\/wp-content\/uploads\/2018\/02\/IMG_1973-300x200.jpg 300w, https:\/\/www.caririemacao.com\/1\/wp-content\/uploads\/2018\/02\/IMG_1973-768x512.jpg 768w\" data-sizes=\"(max-width: 800px) 100vw, 800px\" src=\"data:image\/svg+xml;base64,PHN2ZyB3aWR0aD0iMSIgaGVpZ2h0PSIxIiB4bWxucz0iaHR0cDovL3d3dy53My5vcmcvMjAwMC9zdmciPjwvc3ZnPg==\" style=\"--smush-placeholder-width: 800px; --smush-placeholder-aspect-ratio: 800\/533;\" \/><\/a><\/p>\n<p>O vereador <strong>Diogo Coutinho (PSD)<\/strong> solicitou da mesa diretora da casa que fosse designado um funcion\u00e1rio para manusear o arquivo documental do Poder Legislativo. Diogo ainda solicitou do prefeito municipal, que fosse instalado um redutor de velocidade na Rua Jo\u00e3o Medeiros Ramos, especificamente no espa\u00e7o compreendido entre a Escola Municipal Eul\u00e1lia Ramos e a resid\u00eancia do senhor Jo\u00e3o Ramos, o parlamentar justificou seu pedido dizendo que a instala\u00e7\u00e3o do redutor de velocidade reduzir\u00e1 os riscos de acidentes no local. Ele destacou ainda que acidentes de pequenas propor\u00e7\u00f5es j\u00e1 aconteceram na localidade.<\/p>\n<p><a href=\"http:\/\/caririemacao.com\/1\/wp-content\/uploads\/2018\/02\/IMG_1969.jpg\"><img decoding=\"async\" class=\"aligncenter size-full wp-image-42091 lazyload\" data-src=\"http:\/\/caririemacao.com\/1\/wp-content\/uploads\/2018\/02\/IMG_1969.jpg\" alt=\"\" width=\"800\" height=\"533\" data-srcset=\"https:\/\/www.caririemacao.com\/1\/wp-content\/uploads\/2018\/02\/IMG_1969.jpg 800w, https:\/\/www.caririemacao.com\/1\/wp-content\/uploads\/2018\/02\/IMG_1969-300x200.jpg 300w, https:\/\/www.caririemacao.com\/1\/wp-content\/uploads\/2018\/02\/IMG_1969-768x512.jpg 768w\" data-sizes=\"(max-width: 800px) 100vw, 800px\" src=\"data:image\/svg+xml;base64,PHN2ZyB3aWR0aD0iMSIgaGVpZ2h0PSIxIiB4bWxucz0iaHR0cDovL3d3dy53My5vcmcvMjAwMC9zdmciPjwvc3ZnPg==\" style=\"--smush-placeholder-width: 800px; --smush-placeholder-aspect-ratio: 800\/533;\" \/><\/a><\/p>\n<p>J\u00e1 o parlamentar <strong>Marcelo Cl\u00e1udio (PSDB)<\/strong> solicitou da mesa diretora da C\u00e2mara Municipal, que fosse realizado um estudo e analisasse a possibilidade de contrata\u00e7\u00e3o dos servi\u00e7os de comunica\u00e7\u00e3o do Grupo Oxente Gurj\u00e3o. Na sua justificativa, o parlamentar destacou a import\u00e2ncia de valorizar os profissionais da terra.<\/p>\n<p><a href=\"http:\/\/caririemacao.com\/1\/wp-content\/uploads\/2018\/02\/IMG_1971.jpg\"><img decoding=\"async\" class=\"aligncenter size-full wp-image-42092 lazyload\" data-src=\"http:\/\/caririemacao.com\/1\/wp-content\/uploads\/2018\/02\/IMG_1971.jpg\" alt=\"\" width=\"800\" height=\"533\" data-srcset=\"https:\/\/www.caririemacao.com\/1\/wp-content\/uploads\/2018\/02\/IMG_1971.jpg 800w, https:\/\/www.caririemacao.com\/1\/wp-content\/uploads\/2018\/02\/IMG_1971-300x200.jpg 300w, https:\/\/www.caririemacao.com\/1\/wp-content\/uploads\/2018\/02\/IMG_1971-768x512.jpg 768w\" data-sizes=\"(max-width: 800px) 100vw, 800px\" src=\"data:image\/svg+xml;base64,PHN2ZyB3aWR0aD0iMSIgaGVpZ2h0PSIxIiB4bWxucz0iaHR0cDovL3d3dy53My5vcmcvMjAwMC9zdmciPjwvc3ZnPg==\" style=\"--smush-placeholder-width: 800px; --smush-placeholder-aspect-ratio: 800\/533;\" \/><\/a><\/p>\n<p>Outro requerimento aprovado durante a sess\u00e3o, foi do vereador l\u00edder do governo, <strong>J\u00fanior Morais (PSC)<\/strong>, o mesmo solicitou ao prefeito Ronaldo Queiroz e a Secretaria de Infraestrutura a constru\u00e7\u00e3o de uma quadra poliesportiva na comunidade dos Mor\u00f5es. J\u00fanior destacou a import\u00e2ncia de incentivar o esporte do munic\u00edpio, bem como, a cria\u00e7\u00e3o de op\u00e7\u00f5es de lazer para a popula\u00e7\u00e3o do S\u00edtio Mor\u00f5es.<\/p>\n<p><a href=\"http:\/\/caririemacao.com\/1\/wp-content\/uploads\/2018\/02\/IMG_1985.jpg\"><img decoding=\"async\" class=\"aligncenter size-full wp-image-42090 lazyload\" data-src=\"http:\/\/caririemacao.com\/1\/wp-content\/uploads\/2018\/02\/IMG_1985.jpg\" alt=\"\" width=\"800\" height=\"533\" data-srcset=\"https:\/\/www.caririemacao.com\/1\/wp-content\/uploads\/2018\/02\/IMG_1985.jpg 800w, https:\/\/www.caririemacao.com\/1\/wp-content\/uploads\/2018\/02\/IMG_1985-300x200.jpg 300w, https:\/\/www.caririemacao.com\/1\/wp-content\/uploads\/2018\/02\/IMG_1985-768x512.jpg 768w\" data-sizes=\"(max-width: 800px) 100vw, 800px\" src=\"data:image\/svg+xml;base64,PHN2ZyB3aWR0aD0iMSIgaGVpZ2h0PSIxIiB4bWxucz0iaHR0cDovL3d3dy53My5vcmcvMjAwMC9zdmciPjwvc3ZnPg==\" style=\"--smush-placeholder-width: 800px; --smush-placeholder-aspect-ratio: 800\/533;\" \/><\/a><\/p>\n<p>Foi aprovado tamb\u00e9m o requerimento do vereador<strong> Alexsandro Cavalcante (PT),<\/strong> \u201cSandro de Mica\u201d como \u00e9 mais conhecido, solicitou do prefeito que fosse analisada a possibilidade de isolar o po\u00e7o que fica localizado na \u00e1rea do A\u00e7ude p\u00fablico municipal, Jos\u00e9 Ag\u00e1cio Borges, colocando uma cerca de prote\u00e7\u00e3o. De acordo com o parlamentar, a medida visa prevenir acidentes, uma vez que, o local \u00e9 uma \u00e1rea de risco e \u00e9 frequentado por pessoas de todas as idades, inclusive por crian\u00e7as.<\/p>\n<p><strong>NA TRIBUNA<a href=\"http:\/\/caririemacao.com\/1\/wp-content\/uploads\/2018\/02\/IMG_2002.jpg\"><img decoding=\"async\" class=\"aligncenter size-full wp-image-42094 lazyload\" data-src=\"http:\/\/caririemacao.com\/1\/wp-content\/uploads\/2018\/02\/IMG_2002.jpg\" alt=\"\" width=\"800\" height=\"533\" data-srcset=\"https:\/\/www.caririemacao.com\/1\/wp-content\/uploads\/2018\/02\/IMG_2002.jpg 800w, https:\/\/www.caririemacao.com\/1\/wp-content\/uploads\/2018\/02\/IMG_2002-300x200.jpg 300w, https:\/\/www.caririemacao.com\/1\/wp-content\/uploads\/2018\/02\/IMG_2002-768x512.jpg 768w\" data-sizes=\"(max-width: 800px) 100vw, 800px\" src=\"data:image\/svg+xml;base64,PHN2ZyB3aWR0aD0iMSIgaGVpZ2h0PSIxIiB4bWxucz0iaHR0cDovL3d3dy53My5vcmcvMjAwMC9zdmciPjwvc3ZnPg==\" style=\"--smush-placeholder-width: 800px; --smush-placeholder-aspect-ratio: 800\/533;\" \/><\/a><\/strong><\/p>\n<p>&nbsp;<\/p>\n<p>Durante a sess\u00e3o o vereador<strong> Cl\u00e1udio Marcelo<\/strong> foi \u00e0 Tribuna e defendeu o seu requerimento e destacou a import\u00e2ncia de valorizar os profissionais da terra. Marcelo ainda destacou que n\u00e3o est\u00e1 desvalorizando os outros \u00f3rg\u00e3os de imprensa que j\u00e1 fazem o trabalho de divulga\u00e7\u00e3o na casa, mas que \u00e9 preciso olhar com carinho para aqueles que pertencem ao munic\u00edpio de Gurj\u00e3o.<\/p>\n<p>J\u00e1 em um segundo momento, o vereador Marcelo comunicou ao parlamento gurj\u00e3oense do motivo que a secret\u00e1ria de educa\u00e7\u00e3o do munic\u00edpio, Noelma Faria, tenha deixado \u00e0 pasta por motivo de sa\u00fade e destacou que mesmo com a sa\u00edda dela ele permanece ao grupo situacionista e que nada mudou.<a href=\"http:\/\/caririemacao.com\/1\/wp-content\/uploads\/2018\/02\/IMG_1983.jpg\"><img decoding=\"async\" class=\"aligncenter size-full wp-image-42093 lazyload\" data-src=\"http:\/\/caririemacao.com\/1\/wp-content\/uploads\/2018\/02\/IMG_1983.jpg\" alt=\"\" width=\"800\" height=\"533\" data-srcset=\"https:\/\/www.caririemacao.com\/1\/wp-content\/uploads\/2018\/02\/IMG_1983.jpg 800w, https:\/\/www.caririemacao.com\/1\/wp-content\/uploads\/2018\/02\/IMG_1983-300x200.jpg 300w, https:\/\/www.caririemacao.com\/1\/wp-content\/uploads\/2018\/02\/IMG_1983-768x512.jpg 768w\" data-sizes=\"(max-width: 800px) 100vw, 800px\" src=\"data:image\/svg+xml;base64,PHN2ZyB3aWR0aD0iMSIgaGVpZ2h0PSIxIiB4bWxucz0iaHR0cDovL3d3dy53My5vcmcvMjAwMC9zdmciPjwvc3ZnPg==\" style=\"--smush-placeholder-width: 800px; --smush-placeholder-aspect-ratio: 800\/533;\" \/><\/a><\/p>\n<p>Na tribuna, o vereador <strong>Robson Cordeiro (PSC)<\/strong> se somou ao vereador Cl\u00e1udio Marcelo, pedindo ao presidente que olhasse com aten\u00e7\u00e3o a solicita\u00e7\u00e3o de estudo para contrata\u00e7\u00e3o dos da empresa Oxente Gurj\u00e3o, para cobertura dos trabalhos da C\u00e2mara Municipal, destacando a import\u00e2ncia de valorizar a prata da casa.<\/p>\n<p>O vereador Robson ainda se solidarizou com o vereador Marcelo e com a sua esposa Noelma Farias, e ex-secret\u00e1ria de educa\u00e7\u00e3o de Gurj\u00e3o, parabenizando a mesma pelo trabalho desenvolvido a frente \u00e0 Secretaria Educa\u00e7\u00e3o do munic\u00edpio de Gurj\u00e3o.<\/p>\n<p><a href=\"http:\/\/caririemacao.com\/1\/wp-content\/uploads\/2018\/02\/IMG_1994.jpg\"><img decoding=\"async\" class=\"aligncenter size-full wp-image-42096 lazyload\" data-src=\"http:\/\/caririemacao.com\/1\/wp-content\/uploads\/2018\/02\/IMG_1994.jpg\" alt=\"\" width=\"800\" height=\"533\" data-srcset=\"https:\/\/www.caririemacao.com\/1\/wp-content\/uploads\/2018\/02\/IMG_1994.jpg 800w, https:\/\/www.caririemacao.com\/1\/wp-content\/uploads\/2018\/02\/IMG_1994-300x200.jpg 300w, https:\/\/www.caririemacao.com\/1\/wp-content\/uploads\/2018\/02\/IMG_1994-768x512.jpg 768w\" data-sizes=\"(max-width: 800px) 100vw, 800px\" src=\"data:image\/svg+xml;base64,PHN2ZyB3aWR0aD0iMSIgaGVpZ2h0PSIxIiB4bWxucz0iaHR0cDovL3d3dy53My5vcmcvMjAwMC9zdmciPjwvc3ZnPg==\" style=\"--smush-placeholder-width: 800px; --smush-placeholder-aspect-ratio: 800\/533;\" \/><\/a><\/p>\n<p>Tamb\u00e9m subiu \u00e0 tribuna, o vereador <strong>Sandro.<\/strong> Em sua fala, ele enfatizou a import\u00e2ncia da produ\u00e7\u00e3o parlamentar e convidou os pares a manter o ritmo do ano de 2017. Ele ainda lamentou que alguns requerimentos, de sua autoria, apresentados durante o ano 2017, n\u00e3o foram ainda atendidos. Por fim, o vereador cobrou ainda do gestor mais incentivo para os cidad\u00e3os gurj\u00e3oense no que diz respeito a empregos e gera\u00e7\u00e3o de renda.<\/p>\n<p><a href=\"http:\/\/caririemacao.com\/1\/wp-content\/uploads\/2018\/02\/IMG_1987.jpg\"><img decoding=\"async\" class=\"aligncenter size-full wp-image-42097 lazyload\" data-src=\"http:\/\/caririemacao.com\/1\/wp-content\/uploads\/2018\/02\/IMG_1987.jpg\" alt=\"\" width=\"800\" height=\"533\" data-srcset=\"https:\/\/www.caririemacao.com\/1\/wp-content\/uploads\/2018\/02\/IMG_1987.jpg 800w, https:\/\/www.caririemacao.com\/1\/wp-content\/uploads\/2018\/02\/IMG_1987-300x200.jpg 300w, https:\/\/www.caririemacao.com\/1\/wp-content\/uploads\/2018\/02\/IMG_1987-768x512.jpg 768w\" data-sizes=\"(max-width: 800px) 100vw, 800px\" src=\"data:image\/svg+xml;base64,PHN2ZyB3aWR0aD0iMSIgaGVpZ2h0PSIxIiB4bWxucz0iaHR0cDovL3d3dy53My5vcmcvMjAwMC9zdmciPjwvc3ZnPg==\" style=\"--smush-placeholder-width: 800px; --smush-placeholder-aspect-ratio: 800\/533;\" \/><\/a><\/p>\n<p>J\u00e1 o l\u00edder do governo, <strong>J\u00fanior Morais<\/strong>, tamb\u00e9m lamentou a sa\u00edda da secret\u00e1ria Noelma Farias e agradeceu pelo trabalho desempenhado a frente da Secretaria de Educa\u00e7\u00e3o do munic\u00edpio. O parlamentar ainda convidou os demais pares para visitar as obras que est\u00e3o em execu\u00e7\u00e3o no munic\u00edpio de Gurj\u00e3o. Em sua fala, ele destacou a import\u00e2ncia de fiscalizar e cobrar melhorias para a popula\u00e7\u00e3o de Gurj\u00e3o.<\/p>\n<p><a href=\"https:\/\/www.facebook.com\/pg\/CaririEmAcao\/photos\/?tab=album&amp;album_id=1189866964482658\"><strong>Veja as principais imagens da sess\u00e3o.<\/strong><\/a><\/p>\n<p><strong>CARIRI EM A\u00c7\u00c3O<\/strong><\/p>\n<p><strong>Leia mais not\u00edcias em\u00a0<\/strong><a style=\"font-style: inherit; font-weight: inherit;\" href=\"http:\/\/www.caririemacao.com\/\"><strong style=\"font-style: inherit;\">caririemacao.com<\/strong><\/a><strong style=\"font-style: inherit;\">, siga nossa p\u00e1gina no\u00a0<\/strong><a style=\"font-style: inherit; font-weight: inherit;\" href=\"https:\/\/www.facebook.com\/CaririEmAcao\/?ref=aymt_homepage_panel\"><strong style=\"font-style: inherit;\">Facebook<\/strong><\/a>,<strong style=\"font-style: inherit;\">\u00a0<\/strong><a style=\"font-style: inherit; font-weight: inherit;\" href=\"https:\/\/www.instagram.com\/cariri_em_acao\/?hl=pt-br\"><strong style=\"font-style: inherit;\">Instagram<\/strong><\/a><strong style=\"font-style: inherit;\">\u00a0e\u00a0<\/strong><a style=\"font-style: inherit; font-weight: inherit;\" href=\"https:\/\/www.youtube.com\/channel\/UCAptA0jQuYQy8vMhLt2m4qg\"><strong style=\"font-style: inherit;\">Youtube<\/strong><\/a><strong style=\"font-style: inherit;\">\u00a0e veja nossas mat\u00e9rias, v\u00eddeos e fotos. Voc\u00ea tamb\u00e9m pode enviar informa\u00e7\u00f5es \u00e0 Reda\u00e7\u00e3o do Portal Cariri em A\u00e7\u00e3o pelo WhatsApp (83) 9 9634.5791, (83) 9 9601-1162.<\/strong><\/p>\n","protected":false},"excerpt":{"rendered":"<p>A C\u00e2mara Municipal de Gurj\u00e3o, \u201cCasa Agripino de Farias Gurj\u00e3o\u201d, realizou na noite dessa sexta-feira (23), a segunda sess\u00e3o ordin\u00e1ria de 2018 sob a presid\u00eancia&hellip; <\/p>\n","protected":false},"author":2,"featured_media":42088,"comment_status":"closed","ping_status":"closed","sticky":false,"template":"","format":"standard","meta":{"sfsi_plus_gutenberg_text_before_share":"","sfsi_plus_gutenberg_show_text_before_share":"","sfsi_plus_gutenberg_icon_type":"","sfsi_plus_gutenberg_icon_alignemt":"","sfsi_plus_gutenburg_max_per_row":"","footnotes":""},"categories":[6],"tags":[],"class_list":["post-42048","post","type-post","status-publish","format-standard","has-post-thumbnail","hentry","category-cidades"],"_links":{"self":[{"href":"https:\/\/www.caririemacao.com\/1\/wp-json\/wp\/v2\/posts\/42048","targetHints":{"allow":["GET"]}}],"collection":[{"href":"https:\/\/www.caririemacao.com\/1\/wp-json\/wp\/v2\/posts"}],"about":[{"href":"https:\/\/www.caririemacao.com\/1\/wp-json\/wp\/v2\/types\/post"}],"author":[{"embeddable":true,"href":"https:\/\/www.caririemacao.com\/1\/wp-json\/wp\/v2\/users\/2"}],"replies":[{"embeddable":true,"href":"https:\/\/www.caririemacao.com\/1\/wp-json\/wp\/v2\/comments?post=42048"}],"version-history":[{"count":0,"href":"https:\/\/www.caririemacao.com\/1\/wp-json\/wp\/v2\/posts\/42048\/revisions"}],"wp:featuredmedia":[{"embeddable":true,"href":"https:\/\/www.caririemacao.com\/1\/wp-json\/wp\/v2\/media\/42088"}],"wp:attachment":[{"href":"https:\/\/www.caririemacao.com\/1\/wp-json\/wp\/v2\/media?parent=42048"}],"wp:term":[{"taxonomy":"category","embeddable":true,"href":"https:\/\/www.caririemacao.com\/1\/wp-json\/wp\/v2\/categories?post=42048"},{"taxonomy":"post_tag","embeddable":true,"href":"https:\/\/www.caririemacao.com\/1\/wp-json\/wp\/v2\/tags?post=42048"}],"curies":[{"name":"wp","href":"https:\/\/api.w.org\/{rel}","templated":true}]}}