{"id":42062,"date":"2018-02-24T19:28:48","date_gmt":"2018-02-24T22:28:48","guid":{"rendered":"http:\/\/caririemacao.com\/1\/?p=42062"},"modified":"2018-02-24T19:39:54","modified_gmt":"2018-02-24T22:39:54","slug":"veja-quem-e-obrigado-a-declarar-o-imposto-de-renda-2018","status":"publish","type":"post","link":"https:\/\/www.caririemacao.com\/1\/2018\/02\/24\/veja-quem-e-obrigado-a-declarar-o-imposto-de-renda-2018\/","title":{"rendered":"Veja quem \u00e9 obrigado a declarar o imposto de renda 2018"},"content":{"rendered":"<div>O prazo para a entrega da Declara\u00e7\u00e3o do\u00a0Imposto de Renda da Pessoa F\u00edsica\u00a0(IRPF) come\u00e7a no pr\u00f3ximo dia 1\u00ba e vai at\u00e9 o dia 30 de abril deste ano. O programa de preenchimento da declara\u00e7\u00e3o estar\u00e1 dispon\u00edvel na pr\u00f3xima segunda-feira (26).<\/div>\n<div>\n<div>Est\u00e3o obrigados a declarar quem recebeu rendimentos tribut\u00e1veis em 2017, em valores superiores a R$ 28.559,70. No caso da atividade rural, deve declarar quem teve receita bruta acima R$ 142.798,50.<\/div>\n<h3>NOVIDADES DESTE ANO<\/h3>\n<div>O painel inicial do sistema ter\u00e1 informa\u00e7\u00f5es das fichas que poder\u00e3o ser mais relevantes para o contribuinte durante o preenchimento da declara\u00e7\u00e3o.<\/div>\n<div>Neste ano, ser\u00e1 obrigat\u00f3ria a apresenta\u00e7\u00e3o do CPF para dependentes a partir de 8 anos, completados at\u00e9 o dia 31 de dezembro de 2017.<\/div>\n<div>Na declara\u00e7\u00e3o de bens, ser\u00e3o inclu\u00eddos campos para informa\u00e7\u00f5es complementares, como n\u00fameros e registros, localiza\u00e7\u00e3o e n\u00famero do Registro Nacional de Ve\u00edculo (Renavam).<\/div>\n<div>Tamb\u00e9m ser\u00e1 inclu\u00edda a informa\u00e7\u00e3o sobre a al\u00edquota efetiva utilizada no c\u00e1lculo da apura\u00e7\u00e3o do imposto.<\/div>\n<div>Outra mudan\u00e7a \u00e9 a possibilidade de impress\u00e3o do Documento de Arrecada\u00e7\u00e3o de Receitas Federais (Darf) para pagamento de todas as quotas do imposto, inclusive as que est\u00e3o em atraso.<\/div>\n<div>\n<p><strong>CARIRI EM A\u00c7\u00c3O<\/strong><\/p>\n<p><em>Com Ag\u00eancia Brasil\/Foto: Reprodu\u00e7\u00e3o Internet<\/em><\/p>\n<p><strong>Leia mais not\u00edcias em\u00a0<\/strong><a href=\"http:\/\/www.caririemacao.com\/\"><strong>caririemacao.com<\/strong><\/a><strong>, siga nossa p\u00e1gina no\u00a0<\/strong><a href=\"https:\/\/www.facebook.com\/CaririEmAcao\/?ref=aymt_homepage_panel\"><strong>Facebook<\/strong><\/a>,<strong>\u00a0<\/strong><a href=\"https:\/\/www.instagram.com\/cariri_em_acao\/?hl=pt-br\"><strong>Instagram<\/strong><\/a><strong>\u00a0e\u00a0<\/strong><a href=\"https:\/\/www.youtube.com\/channel\/UCAptA0jQuYQy8vMhLt2m4qg\"><strong>Youtube<\/strong><\/a><strong>\u00a0e veja nossas mat\u00e9rias, v\u00eddeos e fotos. Voc\u00ea tamb\u00e9m pode enviar informa\u00e7\u00f5es \u00e0 Reda\u00e7\u00e3o do Portal Cariri em A\u00e7\u00e3o pelo WhatsApp (83) 9 9634.5791, (83) 9 9601-1162.<\/strong><\/p>\n<\/div>\n<\/div>\n","protected":false},"excerpt":{"rendered":"<p>O prazo para a entrega da Declara\u00e7\u00e3o do\u00a0Imposto de Renda da Pessoa F\u00edsica\u00a0(IRPF) come\u00e7a no pr\u00f3ximo dia 1\u00ba e vai at\u00e9 o dia 30 de&hellip; <\/p>\n","protected":false},"author":2,"featured_media":42063,"comment_status":"closed","ping_status":"closed","sticky":false,"template":"","format":"standard","meta":{"sfsi_plus_gutenberg_text_before_share":"","sfsi_plus_gutenberg_show_text_before_share":"","sfsi_plus_gutenberg_icon_type":"","sfsi_plus_gutenberg_icon_alignemt":"","sfsi_plus_gutenburg_max_per_row":"","footnotes":""},"categories":[2],"tags":[],"class_list":["post-42062","post","type-post","status-publish","format-standard","has-post-thumbnail","hentry","category-geral"],"_links":{"self":[{"href":"https:\/\/www.caririemacao.com\/1\/wp-json\/wp\/v2\/posts\/42062","targetHints":{"allow":["GET"]}}],"collection":[{"href":"https:\/\/www.caririemacao.com\/1\/wp-json\/wp\/v2\/posts"}],"about":[{"href":"https:\/\/www.caririemacao.com\/1\/wp-json\/wp\/v2\/types\/post"}],"author":[{"embeddable":true,"href":"https:\/\/www.caririemacao.com\/1\/wp-json\/wp\/v2\/users\/2"}],"replies":[{"embeddable":true,"href":"https:\/\/www.caririemacao.com\/1\/wp-json\/wp\/v2\/comments?post=42062"}],"version-history":[{"count":0,"href":"https:\/\/www.caririemacao.com\/1\/wp-json\/wp\/v2\/posts\/42062\/revisions"}],"wp:featuredmedia":[{"embeddable":true,"href":"https:\/\/www.caririemacao.com\/1\/wp-json\/wp\/v2\/media\/42063"}],"wp:attachment":[{"href":"https:\/\/www.caririemacao.com\/1\/wp-json\/wp\/v2\/media?parent=42062"}],"wp:term":[{"taxonomy":"category","embeddable":true,"href":"https:\/\/www.caririemacao.com\/1\/wp-json\/wp\/v2\/categories?post=42062"},{"taxonomy":"post_tag","embeddable":true,"href":"https:\/\/www.caririemacao.com\/1\/wp-json\/wp\/v2\/tags?post=42062"}],"curies":[{"name":"wp","href":"https:\/\/api.w.org\/{rel}","templated":true}]}}