{"id":42068,"date":"2018-02-24T19:40:14","date_gmt":"2018-02-24T22:40:14","guid":{"rendered":"http:\/\/caririemacao.com\/1\/?p=42068"},"modified":"2018-02-24T19:40:14","modified_gmt":"2018-02-24T22:40:14","slug":"tarifas-de-telefone-fixo-ficam-mais-baratas-a-partir-de-domingo","status":"publish","type":"post","link":"https:\/\/www.caririemacao.com\/1\/2018\/02\/24\/tarifas-de-telefone-fixo-ficam-mais-baratas-a-partir-de-domingo\/","title":{"rendered":"Tarifas de telefone fixo ficam mais baratas a partir de domingo"},"content":{"rendered":"<p>As<strong>\u00a0<\/strong>tarifas das chamadas de telefones fixos para m\u00f3veis, locais e de longa dist\u00e2ncia, ficar\u00e3o\u00a0mais baratas\u00a0a partir do pr\u00f3ximo domingo, 25, segundo comunicado da\u00a0Anatel\u00a0(Ag\u00eancia Nacional de Telecomunica\u00e7\u00f5es).<\/p>\n<p>De acordo com a ag\u00eancia, a redu\u00e7\u00e3o vai variar de 10,58% a 12,75% nas liga\u00e7\u00f5es locais, dependendo da operadora, e de 3,98% a 7,41% nas chamadas interurbanas.<\/p>\n<p>Ao todo,<strong>\u00a0<\/strong>23 milh\u00f5es de assinantes\u00a0ser\u00e3o beneficiados com a redu\u00e7\u00e3o nas concession\u00e1rias de\u00a0telefonia\u00a0fixa (Claro, Algar,\u00a0Oi, Sercomtel e\u00a0Vivo).<\/p>\n<p>O pre\u00e7o m\u00e9dio das chamadas locais fixo-m\u00f3vel vai passar de R$ 0,18 para R$ 0,12, sem impostos. Para as chamadas fixo-m\u00f3vel de longa dist\u00e2ncia, com DDDs come\u00e7ando com o primeiro d\u00edgito igual, como do DDD 61 (Distrito Federal) para o 62 (Goi\u00e2nia), o pre\u00e7o m\u00e9dio cair\u00e1 de R$ 0,55 para R$ 0,39. E para os demais interurbanos, o custo vai ser reduzido de R$ 0,62 para R$ 0,45.<\/p>\n<p>A queda nas tarifas \u00e9 uma consequ\u00eancia da redu\u00e7\u00e3o das tarifas de interconex\u00e3o entre as operadoras, segundo a Anatel.<\/p>\n<p><strong>CARIRI EM A\u00c7\u00c3O<\/strong><\/p>\n<p><em>Com Veja\/Foto: Reprodu\u00e7\u00e3o Internet<\/em><\/p>\n<p><strong>Leia mais not\u00edcias em\u00a0<\/strong><a href=\"http:\/\/www.caririemacao.com\/\"><strong>caririemacao.com<\/strong><\/a><strong>, siga nossa p\u00e1gina no\u00a0<\/strong><a href=\"https:\/\/www.facebook.com\/CaririEmAcao\/?ref=aymt_homepage_panel\"><strong>Facebook<\/strong><\/a>,<strong>\u00a0<\/strong><a href=\"https:\/\/www.instagram.com\/cariri_em_acao\/?hl=pt-br\"><strong>Instagram<\/strong><\/a><strong>\u00a0e\u00a0<\/strong><a href=\"https:\/\/www.youtube.com\/channel\/UCAptA0jQuYQy8vMhLt2m4qg\"><strong>Youtube<\/strong><\/a><strong>\u00a0e veja nossas mat\u00e9rias, v\u00eddeos e fotos. Voc\u00ea tamb\u00e9m pode enviar informa\u00e7\u00f5es \u00e0 Reda\u00e7\u00e3o do Portal Cariri em A\u00e7\u00e3o pelo WhatsApp (83) 9 9634.5791, (83) 9 9601-1162.<\/strong><\/p>\n","protected":false},"excerpt":{"rendered":"<p>As\u00a0tarifas das chamadas de telefones fixos para m\u00f3veis, locais e de longa dist\u00e2ncia, ficar\u00e3o\u00a0mais baratas\u00a0a partir do pr\u00f3ximo domingo, 25, segundo comunicado da\u00a0Anatel\u00a0(Ag\u00eancia Nacional de&hellip; <\/p>\n","protected":false},"author":2,"featured_media":42069,"comment_status":"closed","ping_status":"closed","sticky":false,"template":"","format":"standard","meta":{"sfsi_plus_gutenberg_text_before_share":"","sfsi_plus_gutenberg_show_text_before_share":"","sfsi_plus_gutenberg_icon_type":"","sfsi_plus_gutenberg_icon_alignemt":"","sfsi_plus_gutenburg_max_per_row":"","footnotes":""},"categories":[2],"tags":[],"class_list":["post-42068","post","type-post","status-publish","format-standard","has-post-thumbnail","hentry","category-geral"],"_links":{"self":[{"href":"https:\/\/www.caririemacao.com\/1\/wp-json\/wp\/v2\/posts\/42068","targetHints":{"allow":["GET"]}}],"collection":[{"href":"https:\/\/www.caririemacao.com\/1\/wp-json\/wp\/v2\/posts"}],"about":[{"href":"https:\/\/www.caririemacao.com\/1\/wp-json\/wp\/v2\/types\/post"}],"author":[{"embeddable":true,"href":"https:\/\/www.caririemacao.com\/1\/wp-json\/wp\/v2\/users\/2"}],"replies":[{"embeddable":true,"href":"https:\/\/www.caririemacao.com\/1\/wp-json\/wp\/v2\/comments?post=42068"}],"version-history":[{"count":0,"href":"https:\/\/www.caririemacao.com\/1\/wp-json\/wp\/v2\/posts\/42068\/revisions"}],"wp:featuredmedia":[{"embeddable":true,"href":"https:\/\/www.caririemacao.com\/1\/wp-json\/wp\/v2\/media\/42069"}],"wp:attachment":[{"href":"https:\/\/www.caririemacao.com\/1\/wp-json\/wp\/v2\/media?parent=42068"}],"wp:term":[{"taxonomy":"category","embeddable":true,"href":"https:\/\/www.caririemacao.com\/1\/wp-json\/wp\/v2\/categories?post=42068"},{"taxonomy":"post_tag","embeddable":true,"href":"https:\/\/www.caririemacao.com\/1\/wp-json\/wp\/v2\/tags?post=42068"}],"curies":[{"name":"wp","href":"https:\/\/api.w.org\/{rel}","templated":true}]}}