{"id":42075,"date":"2018-02-24T20:25:21","date_gmt":"2018-02-24T23:25:21","guid":{"rendered":"http:\/\/caririemacao.com\/1\/?p=42075"},"modified":"2018-02-24T20:25:21","modified_gmt":"2018-02-24T23:25:21","slug":"por-apoio-a-alckmin-psdb-se-alia-a-blocao-e-enfraquece-maia","status":"publish","type":"post","link":"https:\/\/www.caririemacao.com\/1\/2018\/02\/24\/por-apoio-a-alckmin-psdb-se-alia-a-blocao-e-enfraquece-maia\/","title":{"rendered":"Por apoio a Alckmin, PSDB se alia a \u2018bloc\u00e3o\u2019 e enfraquece Maia"},"content":{"rendered":"<div class=\"mc-column content-text active-extra-styles active-capital-letter\" data-block-type=\"unstyled\" data-block-weight=\"40\" data-block-id=\"1\">\n<p class=\"content-text__container theme-color-primary-first-letter\" data-track-category=\"Link no Texto\" data-track-links=\"\">A decis\u00e3o do PSDB de integrar \u201cbloc\u00e3o\u201d de dez partidos liderado pelo PR teve como principal motiva\u00e7\u00e3o ampliar a rede de apoio \u00e0 candidatura do governador de S\u00e3o Paulo, Geraldo Alckmin, \u00e0 Presid\u00eancia.<\/p>\n<\/div>\n<div class=\"mc-column content-text active-extra-styles \" data-block-type=\"unstyled\" data-block-weight=\"41\" data-block-id=\"2\">\n<p class=\"content-text__container \" data-track-category=\"Link no Texto\" data-track-links=\"\">O \u201cbloc\u00e3o\u201d \u00e9 formado por PR, PSDB, PSD, PRB, PTB, SD, PPS, PV, PROS, PSL e PRP com o objetivo de tirar do PP e do MDB o revezamento que faziam no comando da Comiss\u00e3o Mista de Or\u00e7amento do Congresso Nacional.<\/p>\n<\/div>\n<div class=\"mc-column content-text active-extra-styles \" data-block-type=\"unstyled\" data-block-weight=\"37\" data-block-id=\"3\">\n<p class=\"content-text__container \" data-track-category=\"Link no Texto\" data-track-links=\"\">E os tucanos s\u00f3 entraram para o bloco depois de uma conversa entre Alckmin e o deputado federal Milton Monti (PR-SP), no in\u00edcio desta semana. Monti foi justamente o nome escolhido pelo partido para presidir a CMO.<\/p>\n<\/div>\n<div class=\"mc-column content-text active-extra-styles \" data-block-type=\"unstyled\" data-block-weight=\"27\" data-block-id=\"4\">\n<p class=\"content-text__container \" data-track-category=\"Link no Texto\" data-track-links=\"\">\u201c\u00c9 um aceno. Todos os movimentos de reuni\u00e3o de siglas \u00e9 obviamente pensando numa alian\u00e7a para 2018\u201d, afirma o l\u00edder do PSDB na C\u00e2mara, Nilson Leit\u00e3o (MT).<\/p>\n<\/div>\n<div class=\"mc-column content-text active-extra-styles \" data-block-type=\"unstyled\" data-block-weight=\"34\" data-block-id=\"5\">\n<p class=\"content-text__container \" data-track-category=\"Link no Texto\" data-track-links=\"\">O tucanato querem conseguir o maior apoio poss\u00edvel a Alckmin para ter mais tempo de r\u00e1dio e TV durante a campanha. Acreditam que os instrumentos ser\u00e3o essenciais numa campanha eleitoral curta, de 45 dias.<\/p>\n<\/div>\n<div class=\"mc-column content-text active-extra-styles\" data-block-type=\"raw\" data-block-weight=\"2\" data-block-id=\"6\">\n<div class=\"content-intertitle\">\n<h2>Rodrigo Maia<\/h2>\n<\/div>\n<\/div>\n<div class=\"mc-column content-text active-extra-styles \" data-block-type=\"unstyled\" data-block-weight=\"30\" data-block-id=\"7\">\n<p class=\"content-text__container \" data-track-category=\"Link no Texto\" data-track-links=\"\">A alian\u00e7a pegou o presidente da C\u00e2mara, Rodrigo Maia (DEM-RJ), de surpresa, dificultando os planos dele \u2013 j\u00e1 em andamento \u2013 de fazer uma alian\u00e7a com PR, PP e PRB.<\/p>\n<\/div>\n<div data-track-category=\"fim do conteudo\" data-track-action=\"ultimo chunk conteudo\" data-track-noninteraction=\"false\" data-track-scroll=\"entrada completa viewport\">\n<div class=\"mc-column content-text active-extra-styles \" data-block-type=\"unstyled\" data-block-weight=\"49\" data-block-id=\"8\">\n<p class=\"content-text__container \" data-track-category=\"Link no Texto\" data-track-links=\"\">Maia, inclusive, j\u00e1 cobrou a trai\u00e7\u00e3o. Ele j\u00e1 tinha dado o aval para o acordo firmado entre PP e PMDB, que ficaria com o comando da CMO, e o PP, com a Comiss\u00e3o de Constitui\u00e7\u00e3o e Jusiti\u00e7a (CCJ). Maia vai lan\u00e7ar a\u00a0pr\u00e9-candidatura ao Planalto\u00a0no in\u00edcio de mar\u00e7o.<\/p>\n<p><strong>CARIRI EM A\u00c7\u00c3O<\/strong><\/p>\n<p><em>GloboNews com Wscom\/Foto: Wscom<\/em><\/p>\n<p><strong>Leia mais not\u00edcias em\u00a0<\/strong><a href=\"http:\/\/www.caririemacao.com\/\"><strong>caririemacao.com<\/strong><\/a><strong>, siga nossa p\u00e1gina no\u00a0<\/strong><a href=\"https:\/\/www.facebook.com\/CaririEmAcao\/?ref=aymt_homepage_panel\"><strong>Facebook<\/strong><\/a>,<strong>\u00a0<\/strong><a href=\"https:\/\/www.instagram.com\/cariri_em_acao\/?hl=pt-br\"><strong>Instagram<\/strong><\/a><strong>\u00a0e\u00a0<\/strong><a href=\"https:\/\/www.youtube.com\/channel\/UCAptA0jQuYQy8vMhLt2m4qg\"><strong>Youtube<\/strong><\/a><strong>\u00a0e veja nossas mat\u00e9rias, v\u00eddeos e fotos. Voc\u00ea tamb\u00e9m pode enviar informa\u00e7\u00f5es \u00e0 Reda\u00e7\u00e3o do Portal Cariri em A\u00e7\u00e3o pelo WhatsApp (83) 9 9634.5791, (83) 9 9601-1162.<\/strong><\/p>\n<\/div>\n<\/div>\n","protected":false},"excerpt":{"rendered":"<p>A decis\u00e3o do PSDB de integrar \u201cbloc\u00e3o\u201d de dez partidos liderado pelo PR teve como principal motiva\u00e7\u00e3o ampliar a rede de apoio \u00e0 candidatura do&hellip; <\/p>\n","protected":false},"author":2,"featured_media":42076,"comment_status":"closed","ping_status":"closed","sticky":false,"template":"","format":"standard","meta":{"sfsi_plus_gutenberg_text_before_share":"","sfsi_plus_gutenberg_show_text_before_share":"","sfsi_plus_gutenberg_icon_type":"","sfsi_plus_gutenberg_icon_alignemt":"","sfsi_plus_gutenburg_max_per_row":"","footnotes":""},"categories":[1],"tags":[],"class_list":["post-42075","post","type-post","status-publish","format-standard","has-post-thumbnail","hentry","category-o-site"],"_links":{"self":[{"href":"https:\/\/www.caririemacao.com\/1\/wp-json\/wp\/v2\/posts\/42075","targetHints":{"allow":["GET"]}}],"collection":[{"href":"https:\/\/www.caririemacao.com\/1\/wp-json\/wp\/v2\/posts"}],"about":[{"href":"https:\/\/www.caririemacao.com\/1\/wp-json\/wp\/v2\/types\/post"}],"author":[{"embeddable":true,"href":"https:\/\/www.caririemacao.com\/1\/wp-json\/wp\/v2\/users\/2"}],"replies":[{"embeddable":true,"href":"https:\/\/www.caririemacao.com\/1\/wp-json\/wp\/v2\/comments?post=42075"}],"version-history":[{"count":0,"href":"https:\/\/www.caririemacao.com\/1\/wp-json\/wp\/v2\/posts\/42075\/revisions"}],"wp:featuredmedia":[{"embeddable":true,"href":"https:\/\/www.caririemacao.com\/1\/wp-json\/wp\/v2\/media\/42076"}],"wp:attachment":[{"href":"https:\/\/www.caririemacao.com\/1\/wp-json\/wp\/v2\/media?parent=42075"}],"wp:term":[{"taxonomy":"category","embeddable":true,"href":"https:\/\/www.caririemacao.com\/1\/wp-json\/wp\/v2\/categories?post=42075"},{"taxonomy":"post_tag","embeddable":true,"href":"https:\/\/www.caririemacao.com\/1\/wp-json\/wp\/v2\/tags?post=42075"}],"curies":[{"name":"wp","href":"https:\/\/api.w.org\/{rel}","templated":true}]}}