{"id":42078,"date":"2018-02-24T20:35:32","date_gmt":"2018-02-24T23:35:32","guid":{"rendered":"http:\/\/caririemacao.com\/1\/?p=42078"},"modified":"2018-02-24T20:35:32","modified_gmt":"2018-02-24T23:35:32","slug":"curso-de-oratoria-discursar-e-convencer-em-cinco-modulo-autonomos-de-04-horas-cada","status":"publish","type":"post","link":"https:\/\/www.caririemacao.com\/1\/2018\/02\/24\/curso-de-oratoria-discursar-e-convencer-em-cinco-modulo-autonomos-de-04-horas-cada\/","title":{"rendered":"Curso de orat\u00f3ria\u2013 discursar e convencer (em cinco m\u00f3dulo \u201caut\u00f4nomos\u201d de 04 horas cada"},"content":{"rendered":"<p><span class=\"text_exposed_show\">Datas e hor\u00e1rios: 25 de fevereiro, a partir das 08:00 horas; 04 de mar\u00e7o, a partir das 14:00 horas; 11 de mar\u00e7o, a partir das 08:00 horas; 18 de mar\u00e7o, a partir das 14:00 horas; e 25 de mar\u00e7o, a partir das 08:horas. Os alunos, no entanto, se poss\u00edvel, no m\u00ednimo, dever\u00e3o chegar uns 15 minutos antes, a fim de fazerem as suas inscri\u00e7\u00f5es sem maiores atropelos.<\/span><\/p>\n<p><span class=\"text_exposed_show\">Temas Trabalhados (teoria e pr\u00e1tica):<br \/>\n1. \u201cFalar em P\u00fablico \u2013 Discursar e Convencer\u201d: abordagem geral \u2013 necessidades, dificuldades e possibilidades (em 25 de fevereiro de 2018).<br \/>\n2. \u201cA Orat\u00f3ria Pol\u00edtica, Religiosa, Forense, Acad\u00eamica e \u2018Popular\u201d: regras gerais e espec\u00edficas (em 04 de mar\u00e7o de 2018).<br \/>\n3. \u201cComo Poder\u00e1 o Orador Vencer os seus \u2018Inimigos Declarados ou Ocultos\u201d: a surpresa, a falta de conhecimento, o medo, a timidez, o nervosismo, os problemas da voz, etc. (em 11 de mar\u00e7o de 2018).<br \/>\n4. \u201cComo Preparar seus Discursos, Palestras ou Aulas de Forma R\u00e1pida e Eficiente\u201d: normas e \u201csegredos\u201d, especialmente para as \u201cemerg\u00eancias\u201d.(em 18 de mar\u00e7o de 2018).<br \/>\n5. \u201cComo Usar o Poder do Subconsciente para Discursar e Convencer\u201d: como usar o Poder da Mente na conquista dos seus objetivos (em 25 de mar\u00e7o de 2018).<br \/>\n<\/span><\/p>\n<p><span class=\"text_exposed_show\">Observa\u00e7\u00e3o: Em raz\u00e3o da autonomia dos m\u00f3dulos, algum aluno que, por acaso, deixar de cursar qualquer m\u00f3dulo, receber\u00e1 o certificado correspondente ao(s) m\u00f3dulo(s) cursado(s).<br \/>\n<\/span><\/p>\n<p><span class=\"text_exposed_show\">Certificado: O Curso, inclu\u00eddo na categoria de cursos livres, ser\u00e1 coordenado pelo professor Ant\u00f4nio Mariano Sobrinho, e certificado pela Universidade Hol\u00edstica Cidade de Deus (UHCD), entidade civil de fins educacionais, m\u00edsticos e hol\u00edsticos.<br \/>\n<\/span><\/p>\n<p><span class=\"text_exposed_show\">Valores a Pagar: Cada pessoa interessada, no ato da sua inscri\u00e7\u00e3o, pagar\u00e1 a quantia de R$ 100,00 (cem reais) por cada m\u00f3dulo, de modo que o valor total do Curso ser\u00e1 de R$ 500,00 (quinhentos) reais.<br \/>\n<\/span><\/p>\n<p><span class=\"text_exposed_show\">Observa\u00e7\u00e3o importante: Aos Ma\u00e7ons, Demolays, Filhas de J\u00f3 e \u201cSamaritanas\u201d (vinculados \u00e0 Loja Ma\u00e7\u00f4nica \u201cMensageiros da Paz\u201d n\u00ba 28, do GOPB, o Curso ser\u00e1 oferecido GRATUITAMENTE. E, tamb\u00e9m, no caso de Ma\u00e7ons, Demolays e Filhas de J\u00f3 e \u201cSamaritanas\u201d provenientes de outras Lojas, cuja indica\u00e7\u00e3o dever\u00e1 ser feita pelos Vener\u00e1veis Mestres das mesmas.<br \/>\nContatos para melhores informa\u00e7\u00f5es: Telefone: 83-9.9978-4285.<br \/>\nE-mail: universidadeholistica@yahoo.com.br (Prof. Ant\u00f4nio Mariano Sobrinho).<\/span><\/p>\n<div class=\"text_exposed_show\">\n<h3>Observa\u00e7\u00e3o: Com rela\u00e7\u00e3o \u00e0 alimenta\u00e7\u00e3o dos participantes (almo\u00e7o), cada um ser\u00e1 respons\u00e1vel pela pr\u00f3pria, no entanto, no ato da inscri\u00e7\u00e3o, os participantes poder\u00e3o optar por almo\u00e7arem juntos, diminuindo os custos e tornando o momento mais fraternal e festivo.<\/h3>\n<p><strong>CARIRI EM A\u00c7\u00c3O<\/strong><\/p>\n<p><em>Com Camala\u00fa Not\u00edcias\/Foto: Reprodu\u00e7\u00e3o Internet<\/em><\/p>\n<p><strong>Leia mais not\u00edcias em\u00a0<\/strong><a href=\"http:\/\/www.caririemacao.com\/\"><strong>caririemacao.com<\/strong><\/a><strong>, siga nossa p\u00e1gina no\u00a0<\/strong><a href=\"https:\/\/www.facebook.com\/CaririEmAcao\/?ref=aymt_homepage_panel\"><strong>Facebook<\/strong><\/a>,<strong>\u00a0<\/strong><a href=\"https:\/\/www.instagram.com\/cariri_em_acao\/?hl=pt-br\"><strong>Instagram<\/strong><\/a><strong>\u00a0e\u00a0<\/strong><a href=\"https:\/\/www.youtube.com\/channel\/UCAptA0jQuYQy8vMhLt2m4qg\"><strong>Youtube<\/strong><\/a><strong>\u00a0e veja nossas mat\u00e9rias, v\u00eddeos e fotos. Voc\u00ea tamb\u00e9m pode enviar informa\u00e7\u00f5es \u00e0 Reda\u00e7\u00e3o do Portal Cariri em A\u00e7\u00e3o pelo WhatsApp (83) 9 9634.5791, (83) 9 9601-1162.<\/strong><\/p>\n<\/div>\n","protected":false},"excerpt":{"rendered":"<p>Datas e hor\u00e1rios: 25 de fevereiro, a partir das 08:00 horas; 04 de mar\u00e7o, a partir das 14:00 horas; 11 de mar\u00e7o, a partir das&hellip; <\/p>\n","protected":false},"author":2,"featured_media":42079,"comment_status":"closed","ping_status":"closed","sticky":false,"template":"","format":"standard","meta":{"sfsi_plus_gutenberg_text_before_share":"","sfsi_plus_gutenberg_show_text_before_share":"","sfsi_plus_gutenberg_icon_type":"","sfsi_plus_gutenberg_icon_alignemt":"","sfsi_plus_gutenburg_max_per_row":"","footnotes":""},"categories":[2],"tags":[],"class_list":["post-42078","post","type-post","status-publish","format-standard","has-post-thumbnail","hentry","category-geral"],"_links":{"self":[{"href":"https:\/\/www.caririemacao.com\/1\/wp-json\/wp\/v2\/posts\/42078","targetHints":{"allow":["GET"]}}],"collection":[{"href":"https:\/\/www.caririemacao.com\/1\/wp-json\/wp\/v2\/posts"}],"about":[{"href":"https:\/\/www.caririemacao.com\/1\/wp-json\/wp\/v2\/types\/post"}],"author":[{"embeddable":true,"href":"https:\/\/www.caririemacao.com\/1\/wp-json\/wp\/v2\/users\/2"}],"replies":[{"embeddable":true,"href":"https:\/\/www.caririemacao.com\/1\/wp-json\/wp\/v2\/comments?post=42078"}],"version-history":[{"count":0,"href":"https:\/\/www.caririemacao.com\/1\/wp-json\/wp\/v2\/posts\/42078\/revisions"}],"wp:featuredmedia":[{"embeddable":true,"href":"https:\/\/www.caririemacao.com\/1\/wp-json\/wp\/v2\/media\/42079"}],"wp:attachment":[{"href":"https:\/\/www.caririemacao.com\/1\/wp-json\/wp\/v2\/media?parent=42078"}],"wp:term":[{"taxonomy":"category","embeddable":true,"href":"https:\/\/www.caririemacao.com\/1\/wp-json\/wp\/v2\/categories?post=42078"},{"taxonomy":"post_tag","embeddable":true,"href":"https:\/\/www.caririemacao.com\/1\/wp-json\/wp\/v2\/tags?post=42078"}],"curies":[{"name":"wp","href":"https:\/\/api.w.org\/{rel}","templated":true}]}}