{"id":42085,"date":"2018-02-24T20:45:58","date_gmt":"2018-02-24T23:45:58","guid":{"rendered":"http:\/\/caririemacao.com\/1\/?p=42085"},"modified":"2018-02-24T20:45:58","modified_gmt":"2018-02-24T23:45:58","slug":"devido-grande-volume-de-chuvas-no-sertao-e-cariri-boqueirao-aumenta-3-cm","status":"publish","type":"post","link":"https:\/\/www.caririemacao.com\/1\/2018\/02\/24\/devido-grande-volume-de-chuvas-no-sertao-e-cariri-boqueirao-aumenta-3-cm\/","title":{"rendered":"Devido grande volume de chuvas no Sert\u00e3o e Cariri, Boqueir\u00e3o aumenta 3 cm"},"content":{"rendered":"<p>Foram registrada fortes chuvas com ventania em v\u00e1rias cidade do Sert\u00e3o e Cariri na noite dessa sexta-feira, 24.<\/p>\n<p>Em Patos, o Canal do Frango transbordou e com a ventania uma placa de outdoor caiu em cima de um carro.<\/p>\n<p>No Cariri as chuvas tamb\u00e9m foram intensas.<\/p>\n<p>Segundo a Aesa, o a\u00e7ude do Jacar\u00e9, que fica antes do Epit\u00e1cio Pessoa, em Boqueir\u00e3o, recebeu grande volume de \u00e1gua, o que elevou em tr\u00eas cent\u00edmetros a lamina de ontem para hoje,<\/p>\n<p>De acordo com a previs\u00e3o do Inmet devem ocorrer mais chuvas em v\u00e1rias partes do estado neste final de semana.<\/p>\n<p><strong>CARIRI EM A\u00c7\u00c3O<\/strong><\/p>\n<p><em>TV Para\u00edba com Para\u00edba online\/Foto: Reprodu\u00e7\u00e3o google<\/em><\/p>\n<p><strong>Leia mais not\u00edcias em\u00a0<\/strong><a href=\"http:\/\/www.caririemacao.com\/\"><strong>caririemacao.com<\/strong><\/a><strong>, siga nossa p\u00e1gina no\u00a0<\/strong><a href=\"https:\/\/www.facebook.com\/CaririEmAcao\/?ref=aymt_homepage_panel\"><strong>Facebook<\/strong><\/a>,<strong>\u00a0<\/strong><a href=\"https:\/\/www.instagram.com\/cariri_em_acao\/?hl=pt-br\"><strong>Instagram<\/strong><\/a><strong>\u00a0e\u00a0<\/strong><a href=\"https:\/\/www.youtube.com\/channel\/UCAptA0jQuYQy8vMhLt2m4qg\"><strong>Youtube<\/strong><\/a><strong>\u00a0e veja nossas mat\u00e9rias, v\u00eddeos e fotos. Voc\u00ea tamb\u00e9m pode enviar informa\u00e7\u00f5es \u00e0 Reda\u00e7\u00e3o do Portal Cariri em A\u00e7\u00e3o pelo WhatsApp (83) 9 9634.5791, (83) 9 9601-1162.<\/strong><\/p>\n","protected":false},"excerpt":{"rendered":"<p>Foram registrada fortes chuvas com ventania em v\u00e1rias cidade do Sert\u00e3o e Cariri na noite dessa sexta-feira, 24. Em Patos, o Canal do Frango transbordou&hellip; <\/p>\n","protected":false},"author":2,"featured_media":35286,"comment_status":"closed","ping_status":"closed","sticky":false,"template":"","format":"standard","meta":{"sfsi_plus_gutenberg_text_before_share":"","sfsi_plus_gutenberg_show_text_before_share":"","sfsi_plus_gutenberg_icon_type":"","sfsi_plus_gutenberg_icon_alignemt":"","sfsi_plus_gutenburg_max_per_row":"","footnotes":""},"categories":[6],"tags":[],"class_list":["post-42085","post","type-post","status-publish","format-standard","has-post-thumbnail","hentry","category-cidades"],"_links":{"self":[{"href":"https:\/\/www.caririemacao.com\/1\/wp-json\/wp\/v2\/posts\/42085","targetHints":{"allow":["GET"]}}],"collection":[{"href":"https:\/\/www.caririemacao.com\/1\/wp-json\/wp\/v2\/posts"}],"about":[{"href":"https:\/\/www.caririemacao.com\/1\/wp-json\/wp\/v2\/types\/post"}],"author":[{"embeddable":true,"href":"https:\/\/www.caririemacao.com\/1\/wp-json\/wp\/v2\/users\/2"}],"replies":[{"embeddable":true,"href":"https:\/\/www.caririemacao.com\/1\/wp-json\/wp\/v2\/comments?post=42085"}],"version-history":[{"count":0,"href":"https:\/\/www.caririemacao.com\/1\/wp-json\/wp\/v2\/posts\/42085\/revisions"}],"wp:featuredmedia":[{"embeddable":true,"href":"https:\/\/www.caririemacao.com\/1\/wp-json\/wp\/v2\/media\/35286"}],"wp:attachment":[{"href":"https:\/\/www.caririemacao.com\/1\/wp-json\/wp\/v2\/media?parent=42085"}],"wp:term":[{"taxonomy":"category","embeddable":true,"href":"https:\/\/www.caririemacao.com\/1\/wp-json\/wp\/v2\/categories?post=42085"},{"taxonomy":"post_tag","embeddable":true,"href":"https:\/\/www.caririemacao.com\/1\/wp-json\/wp\/v2\/tags?post=42085"}],"curies":[{"name":"wp","href":"https:\/\/api.w.org\/{rel}","templated":true}]}}