{"id":42102,"date":"2018-02-24T21:26:50","date_gmt":"2018-02-25T00:26:50","guid":{"rendered":"http:\/\/caririemacao.com\/1\/?p=42102"},"modified":"2018-02-24T21:26:50","modified_gmt":"2018-02-25T00:26:50","slug":"mais-de-uma-tonelada-de-maconha-e-apreendida-em-itabaiana-na-paraiba","status":"publish","type":"post","link":"https:\/\/www.caririemacao.com\/1\/2018\/02\/24\/mais-de-uma-tonelada-de-maconha-e-apreendida-em-itabaiana-na-paraiba\/","title":{"rendered":"Mais de uma tonelada de maconha \u00e9 apreendida em Itabaiana, na Para\u00edba"},"content":{"rendered":"<div class=\"mc-column content-media content-media--normal  content-photo\" data-block-type=\"backstage-photo\" data-block-id=\"0\">\n<div class=\"content-media__container\">\n<div class=\"content-media__description-centered \">\n<p class=\"content-media__description\">Mais de uma tonelada de maconha em tabletes foi apreendida na tarde deste s\u00e1bado (24) em Itabaiana, no Agreste da Para\u00edba. Segundo informa\u00e7\u00f5es da Pol\u00edcia Militar, foram utilizados drones no monitoramento dos suspeitos. A quantidade exata da droga ainda est\u00e1 sendo contabilizada.<\/p>\n<\/div>\n<\/div>\n<\/div>\n<div class=\"mc-column content-text active-extra-styles \" data-block-type=\"unstyled\" data-block-weight=\"56\" data-block-id=\"3\">\n<p class=\"content-text__container \" data-track-category=\"Link no Texto\" data-track-links=\"\">Os policiais receberam informa\u00e7\u00f5es de que uma casa estaria servindo como armaz\u00e9m de drogas, quando come\u00e7aram as investiga\u00e7\u00f5es e abordaram um carro que era clonado, identificando a localiza\u00e7\u00e3o da casa. O monitoramento foi feito por meio de drones. A a\u00e7\u00e3o integrada da Pol\u00edcia Militar e Civil prendeu tr\u00eas pessoas e dois carros no loteamento Nova Itabaiana.<\/p>\n<\/div>\n<div data-track-category=\"fim do conteudo\" data-track-action=\"ultimo chunk conteudo\" data-track-noninteraction=\"false\" data-track-scroll=\"entrada completa viewport\">\n<div class=\"mc-column content-text active-extra-styles \" data-block-type=\"unstyled\" data-block-weight=\"36\" data-block-id=\"4\">\n<p class=\"content-text__container \" data-track-category=\"Link no Texto\" data-track-links=\"\">Dois dos suspeitos s\u00e3o de S\u00e3o Paulo e o outro da Para\u00edba. Eles n\u00e3o informaram a origem da droga. At\u00e9 as 19h30 (hor\u00e1rio local) deste s\u00e1bado, a pol\u00edcia ainda n\u00e3o tinha finalizado a pesagem da droga.<\/p>\n<p><strong>CARIRI EM A\u00c7\u00c3O<\/strong><\/p>\n<p><em>Com\u00a0<\/em><em>G1-PB<\/em><em>\/Foto:\u00a0Tv Para\u00edba<\/em><\/p>\n<p><strong>Leia mais not\u00edcias em\u00a0<\/strong><a href=\"http:\/\/www.caririemacao.com\/\"><strong>caririemacao.com<\/strong><\/a><strong>, siga nossa p\u00e1gina no\u00a0<\/strong><a href=\"https:\/\/www.facebook.com\/CaririEmAcao\/?ref=aymt_homepage_panel\"><strong>Facebook<\/strong><\/a>,<strong>\u00a0<\/strong><a href=\"https:\/\/www.instagram.com\/cariri_em_acao\/?hl=pt-br\"><strong>Instagram<\/strong><\/a><strong>\u00a0e\u00a0<\/strong><a href=\"https:\/\/www.youtube.com\/channel\/UCAptA0jQuYQy8vMhLt2m4qg\"><strong>Youtube<\/strong><\/a><strong>\u00a0e veja nossas mat\u00e9rias, v\u00eddeos e fotos. Voc\u00ea tamb\u00e9m pode enviar informa\u00e7\u00f5es \u00e0 Reda\u00e7\u00e3o do Portal Cariri em A\u00e7\u00e3o pelo WhatsApp (83) 9 9634.5791, (83) 9 9601-1162.<\/strong><\/p>\n<\/div>\n<\/div>\n","protected":false},"excerpt":{"rendered":"<p>Mais de uma tonelada de maconha em tabletes foi apreendida na tarde deste s\u00e1bado (24) em Itabaiana, no Agreste da Para\u00edba. Segundo informa\u00e7\u00f5es da Pol\u00edcia&hellip; <\/p>\n","protected":false},"author":2,"featured_media":42103,"comment_status":"closed","ping_status":"closed","sticky":false,"template":"","format":"standard","meta":{"sfsi_plus_gutenberg_text_before_share":"","sfsi_plus_gutenberg_show_text_before_share":"","sfsi_plus_gutenberg_icon_type":"","sfsi_plus_gutenberg_icon_alignemt":"","sfsi_plus_gutenburg_max_per_row":"","footnotes":""},"categories":[12],"tags":[],"class_list":["post-42102","post","type-post","status-publish","format-standard","has-post-thumbnail","hentry","category-policia"],"_links":{"self":[{"href":"https:\/\/www.caririemacao.com\/1\/wp-json\/wp\/v2\/posts\/42102","targetHints":{"allow":["GET"]}}],"collection":[{"href":"https:\/\/www.caririemacao.com\/1\/wp-json\/wp\/v2\/posts"}],"about":[{"href":"https:\/\/www.caririemacao.com\/1\/wp-json\/wp\/v2\/types\/post"}],"author":[{"embeddable":true,"href":"https:\/\/www.caririemacao.com\/1\/wp-json\/wp\/v2\/users\/2"}],"replies":[{"embeddable":true,"href":"https:\/\/www.caririemacao.com\/1\/wp-json\/wp\/v2\/comments?post=42102"}],"version-history":[{"count":0,"href":"https:\/\/www.caririemacao.com\/1\/wp-json\/wp\/v2\/posts\/42102\/revisions"}],"wp:featuredmedia":[{"embeddable":true,"href":"https:\/\/www.caririemacao.com\/1\/wp-json\/wp\/v2\/media\/42103"}],"wp:attachment":[{"href":"https:\/\/www.caririemacao.com\/1\/wp-json\/wp\/v2\/media?parent=42102"}],"wp:term":[{"taxonomy":"category","embeddable":true,"href":"https:\/\/www.caririemacao.com\/1\/wp-json\/wp\/v2\/categories?post=42102"},{"taxonomy":"post_tag","embeddable":true,"href":"https:\/\/www.caririemacao.com\/1\/wp-json\/wp\/v2\/tags?post=42102"}],"curies":[{"name":"wp","href":"https:\/\/api.w.org\/{rel}","templated":true}]}}