{"id":42105,"date":"2018-02-24T22:42:58","date_gmt":"2018-02-25T01:42:58","guid":{"rendered":"http:\/\/caririemacao.com\/1\/?p=42105"},"modified":"2018-02-24T22:42:58","modified_gmt":"2018-02-25T01:42:58","slug":"filho-de-pastor-capota-veiculo-entre-parari-e-sao-joao-do-cariri","status":"publish","type":"post","link":"https:\/\/www.caririemacao.com\/1\/2018\/02\/24\/filho-de-pastor-capota-veiculo-entre-parari-e-sao-joao-do-cariri\/","title":{"rendered":"Filho de pastor capota ve\u00edculo entre Parari e S\u00e3o Jo\u00e3o do Cariri"},"content":{"rendered":"<p>No in\u00edcio da noite deste s\u00e1bado, um acidente foi registrado na estrada entre Parari e S\u00e3o Jo\u00e3o do Cariri envolvendo a caminhonete pertencente ao Pastor Lidenei, filho do ex-prefeito Maur\u00edcio Pereira.<\/p>\n<p>No momento do acidente, o ve\u00edculo era dirigido por Mauricinho filho de Lidinei que por milagre sofreu ferimentos leves. No carro tamb\u00e9m vinha o filho de Laudson que tamb\u00e9m sofreu ferimentos leves.<\/p>\n<p>Mauricinho sofreu um corte na cabe\u00e7a que levou tr\u00eas pontos e outro corte na perna, mas gra\u00e7as a Deus j\u00e1 foram liberados.<\/p>\n<p>H\u00e1 informa\u00e7\u00f5es que o motorista teria perdido o controle do ve\u00edculo e acabou capotando. O acidente foi na altura do s\u00edtio Seriema.<\/p>\n<p><strong>CARIRI EM A\u00c7\u00c3O<\/strong><\/p>\n<p><strong>Leia mais not\u00edcias em\u00a0<\/strong><a style=\"font-style: inherit; font-weight: inherit;\" href=\"http:\/\/www.caririemacao.com\/\"><strong style=\"font-style: inherit;\">caririemacao.com<\/strong><\/a><strong style=\"font-style: inherit;\">, siga nossa p\u00e1gina no\u00a0<\/strong><a style=\"font-style: inherit; font-weight: inherit;\" href=\"https:\/\/www.facebook.com\/CaririEmAcao\/?ref=aymt_homepage_panel\"><strong style=\"font-style: inherit;\">Facebook<\/strong><\/a>,<strong style=\"font-style: inherit;\">\u00a0<\/strong><a style=\"font-style: inherit; font-weight: inherit;\" href=\"https:\/\/www.instagram.com\/cariri_em_acao\/?hl=pt-br\"><strong style=\"font-style: inherit;\">Instagram<\/strong><\/a><strong style=\"font-style: inherit;\">\u00a0e\u00a0<\/strong><a style=\"font-style: inherit; font-weight: inherit;\" href=\"https:\/\/www.youtube.com\/channel\/UCAptA0jQuYQy8vMhLt2m4qg\"><strong style=\"font-style: inherit;\">Youtube<\/strong><\/a><strong style=\"font-style: inherit;\">\u00a0e veja nossas mat\u00e9rias, v\u00eddeos e fotos. Voc\u00ea tamb\u00e9m pode enviar informa\u00e7\u00f5es \u00e0 Reda\u00e7\u00e3o do Portal Cariri em A\u00e7\u00e3o pelo WhatsApp (83) 9 9634.5791, (83) 9 9601-1162.<\/strong><\/p>\n","protected":false},"excerpt":{"rendered":"<p>No in\u00edcio da noite deste s\u00e1bado, um acidente foi registrado na estrada entre Parari e S\u00e3o Jo\u00e3o do Cariri envolvendo a caminhonete pertencente ao Pastor&hellip; <\/p>\n","protected":false},"author":2,"featured_media":42106,"comment_status":"closed","ping_status":"closed","sticky":false,"template":"","format":"standard","meta":{"sfsi_plus_gutenberg_text_before_share":"","sfsi_plus_gutenberg_show_text_before_share":"","sfsi_plus_gutenberg_icon_type":"","sfsi_plus_gutenberg_icon_alignemt":"","sfsi_plus_gutenburg_max_per_row":"","footnotes":""},"categories":[12],"tags":[],"class_list":["post-42105","post","type-post","status-publish","format-standard","has-post-thumbnail","hentry","category-policia"],"_links":{"self":[{"href":"https:\/\/www.caririemacao.com\/1\/wp-json\/wp\/v2\/posts\/42105","targetHints":{"allow":["GET"]}}],"collection":[{"href":"https:\/\/www.caririemacao.com\/1\/wp-json\/wp\/v2\/posts"}],"about":[{"href":"https:\/\/www.caririemacao.com\/1\/wp-json\/wp\/v2\/types\/post"}],"author":[{"embeddable":true,"href":"https:\/\/www.caririemacao.com\/1\/wp-json\/wp\/v2\/users\/2"}],"replies":[{"embeddable":true,"href":"https:\/\/www.caririemacao.com\/1\/wp-json\/wp\/v2\/comments?post=42105"}],"version-history":[{"count":0,"href":"https:\/\/www.caririemacao.com\/1\/wp-json\/wp\/v2\/posts\/42105\/revisions"}],"wp:featuredmedia":[{"embeddable":true,"href":"https:\/\/www.caririemacao.com\/1\/wp-json\/wp\/v2\/media\/42106"}],"wp:attachment":[{"href":"https:\/\/www.caririemacao.com\/1\/wp-json\/wp\/v2\/media?parent=42105"}],"wp:term":[{"taxonomy":"category","embeddable":true,"href":"https:\/\/www.caririemacao.com\/1\/wp-json\/wp\/v2\/categories?post=42105"},{"taxonomy":"post_tag","embeddable":true,"href":"https:\/\/www.caririemacao.com\/1\/wp-json\/wp\/v2\/tags?post=42105"}],"curies":[{"name":"wp","href":"https:\/\/api.w.org\/{rel}","templated":true}]}}