{"id":42111,"date":"2018-02-25T08:15:30","date_gmt":"2018-02-25T11:15:30","guid":{"rendered":"http:\/\/caririemacao.com\/1\/?p=42111"},"modified":"2018-02-25T08:15:30","modified_gmt":"2018-02-25T11:15:30","slug":"pb-gas-preve-investimentos-de-r-10-milhoes-em-projetos-e-ampliacao-da-rede-em-2018","status":"publish","type":"post","link":"https:\/\/www.caririemacao.com\/1\/2018\/02\/25\/pb-gas-preve-investimentos-de-r-10-milhoes-em-projetos-e-ampliacao-da-rede-em-2018\/","title":{"rendered":"PB G\u00e1s prev\u00ea investimentos de R$ 10 milh\u00f5es em projetos e amplia\u00e7\u00e3o da rede em 2018"},"content":{"rendered":"<p>O planejamento e principais projetos da Companhia Paraibana de G\u00e1s (PBG\u00e1s) foram apresentados nessa quinta-feira (22), durante 1\u00aa reuni\u00e3o de An\u00e1lise e Gest\u00e3o- RAG.<\/p>\n<p>A companhia prev\u00ea investimentos de mais de R$ 10 milh\u00f5es em projetos, amplia\u00e7\u00e3o e manuten\u00e7\u00e3o da rede de gasodutos e em redes para liga\u00e7\u00e3o de grandes clientes residenciais e industriais.<\/p>\n<p>A reuni\u00e3o foi aberta com a palestra Olhando para o Futuro com o engenheiro e consultor Roberto Braga, que falou sobre as novas tecnologias e como as empresas podem contribuir para o desenvolvimento sustent\u00e1vel do mundo.<\/p>\n<p>Os diretores George Morais (presidente), Jailson Galv\u00e3o (diretor T\u00e9cnico Comercial) e Giovane Rosa (Administrativo Financeiro) tamb\u00e9m destacaram a import\u00e2ncia da reuni\u00e3o de planejamento para alinhar as a\u00e7\u00f5es desenvolvidas pelas ger\u00eancias.<\/p>\n<p>Ao longo do dia, cada gerente apresentou os principais projetos que est\u00e3o sendo desenvolvidos e compartilharam informa\u00e7\u00f5es no modelo desenhado com base no sistema de aux\u00edlio ao planejamento que est\u00e1 sendo implantado na companhia.<\/p>\n<p>Para o diretor presidente da PBG\u00e1s, George Morais, foi um momento de troca de experi\u00eancias e de compartilhamento das informa\u00e7\u00f5es sobre projetos importantes como amplia\u00e7\u00e3o de rede de distribui\u00e7\u00e3o para novas \u00e1reas como os bairros de Brisamar, Campina Grande e, em 2019, para o munic\u00edpio de Cabedelo.<\/p>\n<p>\u201cS\u00e3o obras importantes que possibilitar\u00e3o que a companhia cres\u00e7a e esteja cada vez mais pr\u00f3xima dos paraibanos\u201d, completou.<\/p>\n<p>O diretor administrativo financeiro, Giovane Rosa, afirmou que a companhia prioriza promover ao longo do ano momentos que possibilitem uma maior sinergia entre a diretoria e as ger\u00eancias visando melhorias e o cumprimento das metas da companhia.<\/p>\n<p>Ele ressaltou que a palestra do consultor Roberto Braga foi muito positiva por tratar sobre a evolu\u00e7\u00e3o das tecnologias e por mostrar o papel estrat\u00e9gico do g\u00e1s natural, combust\u00edvel menos poluente, como indutor de transi\u00e7\u00e3o para o desenvolvimento sustent\u00e1vel do planeta.<\/p>\n<p>Na avalia\u00e7\u00e3o do diretor t\u00e9cnico comercial, Jailson Galv\u00e3o, momentos como esses servem para preparar a companhia para potencializar suas a\u00e7\u00f5es e adequ\u00e1-las \u00e0s exig\u00eancias dos consumidores no mercado comercial, residencial, industrial e automotivo.<\/p>\n<p>\u201cExiste um potencial enorme de crescimento do mercado do g\u00e1s natural na Para\u00edba e estamos muito focados na amplia\u00e7\u00e3o da nossa rede de distribui\u00e7\u00e3o de g\u00e1s canalizado\u201d, completou.<\/p>\n<p><strong>CARIRI EM A\u00c7\u00c3O<\/strong><\/p>\n<p><em>Com Secom PB\/Foto:\u00a0Secom PB<\/em><\/p>\n<p><strong>Leia mais not\u00edcias em\u00a0<\/strong><a href=\"http:\/\/www.caririemacao.com\/\"><strong>caririemacao.com<\/strong><\/a><strong>, siga nossa p\u00e1gina no\u00a0<\/strong><a href=\"https:\/\/www.facebook.com\/CaririEmAcao\/?ref=aymt_homepage_panel\"><strong>Facebook<\/strong><\/a>,<strong>\u00a0<\/strong><a href=\"https:\/\/www.instagram.com\/cariri_em_acao\/?hl=pt-br\"><strong>Instagram<\/strong><\/a><strong>\u00a0e\u00a0<\/strong><a href=\"https:\/\/www.youtube.com\/channel\/UCAptA0jQuYQy8vMhLt2m4qg\"><strong>Youtube<\/strong><\/a><strong>\u00a0e veja nossas mat\u00e9rias, v\u00eddeos e fotos. Voc\u00ea tamb\u00e9m pode enviar informa\u00e7\u00f5es \u00e0 Reda\u00e7\u00e3o do Portal Cariri em A\u00e7\u00e3o pelo WhatsApp (83) 9 9634.5791, (83) 9 9601-1162.<\/strong><\/p>\n","protected":false},"excerpt":{"rendered":"<p>O planejamento e principais projetos da Companhia Paraibana de G\u00e1s (PBG\u00e1s) foram apresentados nessa quinta-feira (22), durante 1\u00aa reuni\u00e3o de An\u00e1lise e Gest\u00e3o- RAG. A&hellip; <\/p>\n","protected":false},"author":2,"featured_media":42113,"comment_status":"closed","ping_status":"closed","sticky":false,"template":"","format":"standard","meta":{"sfsi_plus_gutenberg_text_before_share":"","sfsi_plus_gutenberg_show_text_before_share":"","sfsi_plus_gutenberg_icon_type":"","sfsi_plus_gutenberg_icon_alignemt":"","sfsi_plus_gutenburg_max_per_row":"","footnotes":""},"categories":[2],"tags":[],"class_list":["post-42111","post","type-post","status-publish","format-standard","has-post-thumbnail","hentry","category-geral"],"_links":{"self":[{"href":"https:\/\/www.caririemacao.com\/1\/wp-json\/wp\/v2\/posts\/42111","targetHints":{"allow":["GET"]}}],"collection":[{"href":"https:\/\/www.caririemacao.com\/1\/wp-json\/wp\/v2\/posts"}],"about":[{"href":"https:\/\/www.caririemacao.com\/1\/wp-json\/wp\/v2\/types\/post"}],"author":[{"embeddable":true,"href":"https:\/\/www.caririemacao.com\/1\/wp-json\/wp\/v2\/users\/2"}],"replies":[{"embeddable":true,"href":"https:\/\/www.caririemacao.com\/1\/wp-json\/wp\/v2\/comments?post=42111"}],"version-history":[{"count":0,"href":"https:\/\/www.caririemacao.com\/1\/wp-json\/wp\/v2\/posts\/42111\/revisions"}],"wp:featuredmedia":[{"embeddable":true,"href":"https:\/\/www.caririemacao.com\/1\/wp-json\/wp\/v2\/media\/42113"}],"wp:attachment":[{"href":"https:\/\/www.caririemacao.com\/1\/wp-json\/wp\/v2\/media?parent=42111"}],"wp:term":[{"taxonomy":"category","embeddable":true,"href":"https:\/\/www.caririemacao.com\/1\/wp-json\/wp\/v2\/categories?post=42111"},{"taxonomy":"post_tag","embeddable":true,"href":"https:\/\/www.caririemacao.com\/1\/wp-json\/wp\/v2\/tags?post=42111"}],"curies":[{"name":"wp","href":"https:\/\/api.w.org\/{rel}","templated":true}]}}