{"id":42115,"date":"2018-02-25T08:23:46","date_gmt":"2018-02-25T11:23:46","guid":{"rendered":"http:\/\/caririemacao.com\/1\/?p=42115"},"modified":"2018-02-25T09:16:25","modified_gmt":"2018-02-25T12:16:25","slug":"sindrome-do-panico-mais-de-cem-pessoas-se-afastaram-do-trabalho","status":"publish","type":"post","link":"https:\/\/www.caririemacao.com\/1\/2018\/02\/25\/sindrome-do-panico-mais-de-cem-pessoas-se-afastaram-do-trabalho\/","title":{"rendered":"S\u00edndrome do p\u00e2nico: Mais de cem pessoas se afastaram do trabalho"},"content":{"rendered":"<p>A s\u00edndrome do p\u00e2nico \u00e9 um transtorno de ansiedade que se caracteriza pela ocorr\u00eancia inesperada de sintomas como sensa\u00e7\u00e3o de morte e de desmaio, falta de ar, tremores, taquicardia, palpita\u00e7\u00f5es com dura\u00e7\u00e3o entre 10 e 30 minutos, etc. De acordo com informa\u00e7\u00f5es da Se\u00e7\u00e3o de Sa\u00fade do Trabalhador, vinculada ao Instituto Nacional do Seguro Social (INSS), doen\u00e7as deste tipo s\u00e3o respons\u00e1veis por 126\u00a0concess\u00f5es de aux\u00edlio doen\u00e7a no \u00faltimo ano, na Para\u00edba.<\/p>\n<p>O departamento, que \u00e9 respons\u00e1vel pelo servi\u00e7o de per\u00edcia m\u00e9dica, ainda informou que, em 2018, j\u00e1 foram concedidos oito afastamentos at\u00e9 o momento. A popula\u00e7\u00e3o de qualquer idade ou sexo pode desenvolver a doen\u00e7a, por\u00e9m, os sintomas predominam entre as mulheres e pessoas a partir dos 20 ou 30 anos.<\/p>\n<p>\u201cO paciente se afasta do trabalho quando os sintomas do p\u00e2nico s\u00e3o suficientemente graves a ponto de trazer preju\u00edzos na qualidade de vida e a repercutir na qualidade do trabalho\u201d.<\/p>\n<p>O especialista acrescentou que a sudorese, calafrios, a dificuldade respirat\u00f3ria de at\u00e9 meia hora tamb\u00e9m s\u00e3o comuns. O sintoma mais caracter\u00edstico \u00e9 o medo de ter uma nova crise e evitar lugares, geralmente p\u00fablicos.<\/p>\n<p>O tempo de afastamento est\u00e1 diretamente relacionado \u00e0 melhora dos sintomas. No entanto, a busca pelo tratamento \u00e9 necess\u00e1ria. O paciente ser\u00e1 submetido a medicamentos, em especial os antidepressivos e a sess\u00f5es de psicoterapia. A partir da resposta clinica, o m\u00e9dico informa que ser\u00e3o feitos os exames para saber se existe ou n\u00e3o a possibilidade de um retorno \u00e0s atividades di\u00e1rias.<\/p>\n<p>Muitas vezes, a s\u00edndrome do p\u00e2nico pode ser confundida com doen\u00e7as como, por exemplo, a fobia. No entanto, o psiquiatra afirmou que a diferen\u00e7a \u00e9 que os sintomas s\u00e3o inesperados e espont\u00e2neos e, n\u00e3o necessariamente tem um motivo para acontecer. Al\u00e9m disso, as situa\u00e7\u00f5es que promovem o stress podem ajudar o transtorno a surgir.<\/p>\n<p>\u201cA doen\u00e7a n\u00e3o tem cura, visto que n\u00e3o h\u00e1 garantias de que os sintomas n\u00e3o possam retornar, mesmo ap\u00f3s o tratamento. Por\u00e9m, a maior parte dos pacientes melhora muito com o tratamento adequado e tem condi\u00e7\u00f5es de retornar a vida normal\u201d, concluiu o psiquiatra.<\/p>\n<p><strong>CARIRI EM A\u00c7\u00c3O<\/strong><\/p>\n<p><em>Com Mais PB\/Foto: Reprodu\u00e7\u00e3o Internet<\/em><\/p>\n<p><strong>Leia mais not\u00edcias em\u00a0<\/strong><a href=\"http:\/\/www.caririemacao.com\/\"><strong>caririemacao.com<\/strong><\/a><strong>, siga nossa p\u00e1gina no\u00a0<\/strong><a href=\"https:\/\/www.facebook.com\/CaririEmAcao\/?ref=aymt_homepage_panel\"><strong>Facebook<\/strong><\/a>,<strong>\u00a0<\/strong><a href=\"https:\/\/www.instagram.com\/cariri_em_acao\/?hl=pt-br\"><strong>Instagram<\/strong><\/a><strong>\u00a0e\u00a0<\/strong><a href=\"https:\/\/www.youtube.com\/channel\/UCAptA0jQuYQy8vMhLt2m4qg\"><strong>Youtube<\/strong><\/a><strong>\u00a0e veja nossas mat\u00e9rias, v\u00eddeos e fotos. Voc\u00ea tamb\u00e9m pode enviar informa\u00e7\u00f5es \u00e0 Reda\u00e7\u00e3o do Portal Cariri em A\u00e7\u00e3o pelo WhatsApp (83) 9 9634.5791, (83) 9 9601-1162.<\/strong><\/p>\n","protected":false},"excerpt":{"rendered":"<p>A s\u00edndrome do p\u00e2nico \u00e9 um transtorno de ansiedade que se caracteriza pela ocorr\u00eancia inesperada de sintomas como sensa\u00e7\u00e3o de morte e de desmaio, falta&hellip; <\/p>\n","protected":false},"author":2,"featured_media":33943,"comment_status":"closed","ping_status":"closed","sticky":false,"template":"","format":"standard","meta":{"sfsi_plus_gutenberg_text_before_share":"","sfsi_plus_gutenberg_show_text_before_share":"","sfsi_plus_gutenberg_icon_type":"","sfsi_plus_gutenberg_icon_alignemt":"","sfsi_plus_gutenburg_max_per_row":"","footnotes":""},"categories":[2],"tags":[],"class_list":["post-42115","post","type-post","status-publish","format-standard","has-post-thumbnail","hentry","category-geral"],"_links":{"self":[{"href":"https:\/\/www.caririemacao.com\/1\/wp-json\/wp\/v2\/posts\/42115","targetHints":{"allow":["GET"]}}],"collection":[{"href":"https:\/\/www.caririemacao.com\/1\/wp-json\/wp\/v2\/posts"}],"about":[{"href":"https:\/\/www.caririemacao.com\/1\/wp-json\/wp\/v2\/types\/post"}],"author":[{"embeddable":true,"href":"https:\/\/www.caririemacao.com\/1\/wp-json\/wp\/v2\/users\/2"}],"replies":[{"embeddable":true,"href":"https:\/\/www.caririemacao.com\/1\/wp-json\/wp\/v2\/comments?post=42115"}],"version-history":[{"count":0,"href":"https:\/\/www.caririemacao.com\/1\/wp-json\/wp\/v2\/posts\/42115\/revisions"}],"wp:featuredmedia":[{"embeddable":true,"href":"https:\/\/www.caririemacao.com\/1\/wp-json\/wp\/v2\/media\/33943"}],"wp:attachment":[{"href":"https:\/\/www.caririemacao.com\/1\/wp-json\/wp\/v2\/media?parent=42115"}],"wp:term":[{"taxonomy":"category","embeddable":true,"href":"https:\/\/www.caririemacao.com\/1\/wp-json\/wp\/v2\/categories?post=42115"},{"taxonomy":"post_tag","embeddable":true,"href":"https:\/\/www.caririemacao.com\/1\/wp-json\/wp\/v2\/tags?post=42115"}],"curies":[{"name":"wp","href":"https:\/\/api.w.org\/{rel}","templated":true}]}}