{"id":42117,"date":"2018-02-25T08:25:54","date_gmt":"2018-02-25T11:25:54","guid":{"rendered":"http:\/\/caririemacao.com\/1\/?p=42117"},"modified":"2018-02-25T08:25:54","modified_gmt":"2018-02-25T11:25:54","slug":"apos-anunciar-aposentadoria-em-2016-formiga-retorna-a-selecao","status":"publish","type":"post","link":"https:\/\/www.caririemacao.com\/1\/2018\/02\/25\/apos-anunciar-aposentadoria-em-2016-formiga-retorna-a-selecao\/","title":{"rendered":"Ap\u00f3s anunciar aposentadoria em 2016, Formiga retorna \u00e0 sele\u00e7\u00e3o"},"content":{"rendered":"<div class=\"mc-column content-text active-extra-styles active-capital-letter\" data-block-type=\"unstyled\" data-block-weight=\"108\" data-block-id=\"1\">\n<p class=\"content-text__container theme-color-primary-first-letter\" data-track-category=\"Link no Texto\" data-track-links=\"\">O t\u00e9cnico Vad\u00e3o anunciou neste s\u00e1bado as jogadoras de clubes estrangeiros convocadas para treinos no per\u00edodo de data Fifa, que come\u00e7a no dia 26 de fevereiro e vai at\u00e9 o dia 7 de mar\u00e7o. A novidade foi a volta de Formiga, 39 anos, \u00e0 lista depois de sua aposentadoria da equipe verde e amarela em dezembro de 2016.<\/p>\n<p class=\"content-text__container theme-color-primary-first-letter\" data-track-category=\"Link no Texto\" data-track-links=\"\">A atleta do PSG foi \u00e0 Granja Comary, em janeiro, para conversar com o treinador para decidir sobre uma volta. Trabalhou com o grupo e deixou a decis\u00e3o em aberto. Depois de novos contatos com o treinador,\u00a0optou por novamente vestir a camisa do Brasil e disputar a Copa Am\u00e9rica.<\/p>\n<\/div>\n<div class=\"mc-column content-text active-extra-styles \" data-block-type=\"unstyled\" data-block-weight=\"74\" data-block-id=\"2\">\n<p class=\"content-text__container \" data-track-category=\"Link no Texto\" data-track-links=\"\">Vad\u00e3o afirmou ao blog Dona do Campinho neste s\u00e1bado\u00a0que a volta de Formiga \u00e9 decisiva para o Brasil, pois, at\u00e9 o momento, n\u00e3o h\u00e1 uma atleta com caracter\u00edstica igual no meio de campo e havia uma dificuldade de recomposi\u00e7\u00e3o do setor. Para que a vaga no Mundial e Olimp\u00edadas chegue sem sustos, ele pediu que ela estivesse na equipe que ir\u00e1 \u00e0 Copa Am\u00e9rica at\u00e9 para que o pr\u00f3ximo ciclo n\u00e3o seja prejudicado.<\/p>\n<\/div>\n<div class=\"mc-column content-text active-extra-styles \" data-block-type=\"unstyled\" data-block-weight=\"249\" data-block-id=\"3\">\n<p class=\"content-text__container \" data-track-category=\"Link no Texto\" data-track-links=\"\">A presen\u00e7a da Formiga nos ajuda muito nessa transi\u00e7\u00e3o da sa\u00edda dela. \u00c9 uma jogadora muito experiente e que nesse setor do meio de campo a gente tem tido uma dificuldade muito grande de recompor. Essa volta dela ent\u00e3o d\u00e1 uma tr\u00e9gua muito grande. Foi isso que eu falei para ela. Que ela nos ajudasse para que a gente tivesse mais tempo para recompor algumas atletas.<\/p>\n<p class=\"content-text__container \" data-track-category=\"Link no Texto\" data-track-links=\"\">H\u00e1 muitas atletas experientes como a pr\u00f3pria Marta que o ciclo est\u00e1 devagarzinho chegando ao fim. N\u00e3o \u00e9 o caso da Marta ainda, mas o pr\u00f3prio caso dela (Formiga). Ela entendeu que poderia colaborar com a gente nesse sentido. A Copa Am\u00e9rica por ser muito importante para n\u00f3s n\u00e3o perdermos o pr\u00f3ximo ciclo, porque se a gente n\u00e3o classificar a gente perde o pr\u00f3ximo ciclo. E como voc\u00ea vai imaginar que a Marta vai disputar o pr\u00f3ximo Mundial se a gente n\u00e3o disputar esse em 2019? Ent\u00e3o a Formiga entendeu que ela poderia dar uma colabora\u00e7\u00e3o para n\u00f3s.<\/p>\n<p class=\"content-text__container \" data-track-category=\"Link no Texto\" data-track-links=\"\">Foi fundamental ela ter compreendido. A gente tem um enorme carinho por ela. Ficamos inclusive agradecidos por isso. O futebol brasileiro agradece. Eu particularmente. Ela vai dar uma for\u00e7a muito grande para que a gente tenha um pouco mais de tr\u00e9gua para que na continuidade de trabalho a gente tenha um tempo maior de recomposi\u00e7\u00e3o. Ela como jogadora muito experiente tem sempre a acrescentar. A volta da Formiga nesse momento para nos ajudar passa a ser muito importante \u2013 afirmou o treinador ao blog.<\/p>\n<\/div>\n<div class=\"mc-column content-text active-extra-styles \" data-block-type=\"unstyled\" data-block-weight=\"35\" data-block-id=\"5\">\n<p class=\"content-text__container \" data-track-category=\"Link no Texto\" data-track-links=\"\">Em entrevista recente ao pr\u00f3prio site da entidade, Formiga comentava sobre o que significou representar o pa\u00eds por 22 anos: \u2013 \u00c9 uma honra. Representar milhares de brasileiros \u2013 disse Formiga, em entrevista em janeiro.<\/p>\n<p data-track-category=\"Link no Texto\" data-track-links=\"\">Andressa Alves ainda se recupera de uma les\u00e3o e por isso n\u00e3o aparece entre os nomes. Ela afirmou ao blog Dona do Campinho que j\u00e1 est\u00e1 na fase final de recupera\u00e7\u00e3o, por isso, n\u00e3o deve ser problema para uma pr\u00f3xima convoca\u00e7\u00e3o. Para o per\u00edodo, a CBF n\u00e3o programou nenhum amistoso, apenas trabalhos em Teresopolis. Por l\u00e1, j\u00e1 se encontram outras jogadoras que atuam no pa\u00eds e que tamb\u00e9m aparecem na rela\u00e7\u00e3o abaixo.\u00a0A Sele\u00e7\u00e3o tem um compromisso importante entre 4 e 22 de abril. O grupo disputa a Copa Am\u00e9rica, que classifica para a Copa do Mundo da Fran\u00e7a, em 2019, os Jogos Ol\u00edmpicos de 2020 e tamb\u00e9m o Pan.<\/p>\n<p><strong>CARIRI EM A\u00c7\u00c3O<\/strong><\/p>\n<p><em>Com Ge\/Foto: Reprodu\u00e7\u00e3o Internet<\/em><\/p>\n<p><strong>Leia mais not\u00edcias em\u00a0<\/strong><a href=\"http:\/\/www.caririemacao.com\/\"><strong>caririemacao.com<\/strong><\/a><strong>, siga nossa p\u00e1gina no\u00a0<\/strong><a href=\"https:\/\/www.facebook.com\/CaririEmAcao\/?ref=aymt_homepage_panel\"><strong>Facebook<\/strong><\/a>,<strong>\u00a0<\/strong><a href=\"https:\/\/www.instagram.com\/cariri_em_acao\/?hl=pt-br\"><strong>Instagram<\/strong><\/a><strong>\u00a0e\u00a0<\/strong><a href=\"https:\/\/www.youtube.com\/channel\/UCAptA0jQuYQy8vMhLt2m4qg\"><strong>Youtube<\/strong><\/a><strong>\u00a0e veja nossas mat\u00e9rias, v\u00eddeos e fotos. Voc\u00ea tamb\u00e9m pode enviar informa\u00e7\u00f5es \u00e0 Reda\u00e7\u00e3o do Portal Cariri em A\u00e7\u00e3o pelo WhatsApp (83) 9 9634.5791, (83) 9 9601-1162.<\/strong><\/p>\n<\/div>\n","protected":false},"excerpt":{"rendered":"<p>O t\u00e9cnico Vad\u00e3o anunciou neste s\u00e1bado as jogadoras de clubes estrangeiros convocadas para treinos no per\u00edodo de data Fifa, que come\u00e7a no dia 26 de&hellip; <\/p>\n","protected":false},"author":2,"featured_media":42118,"comment_status":"closed","ping_status":"closed","sticky":false,"template":"","format":"standard","meta":{"sfsi_plus_gutenberg_text_before_share":"","sfsi_plus_gutenberg_show_text_before_share":"","sfsi_plus_gutenberg_icon_type":"","sfsi_plus_gutenberg_icon_alignemt":"","sfsi_plus_gutenburg_max_per_row":"","footnotes":""},"categories":[13],"tags":[],"class_list":["post-42117","post","type-post","status-publish","format-standard","has-post-thumbnail","hentry","category-esportes"],"_links":{"self":[{"href":"https:\/\/www.caririemacao.com\/1\/wp-json\/wp\/v2\/posts\/42117","targetHints":{"allow":["GET"]}}],"collection":[{"href":"https:\/\/www.caririemacao.com\/1\/wp-json\/wp\/v2\/posts"}],"about":[{"href":"https:\/\/www.caririemacao.com\/1\/wp-json\/wp\/v2\/types\/post"}],"author":[{"embeddable":true,"href":"https:\/\/www.caririemacao.com\/1\/wp-json\/wp\/v2\/users\/2"}],"replies":[{"embeddable":true,"href":"https:\/\/www.caririemacao.com\/1\/wp-json\/wp\/v2\/comments?post=42117"}],"version-history":[{"count":0,"href":"https:\/\/www.caririemacao.com\/1\/wp-json\/wp\/v2\/posts\/42117\/revisions"}],"wp:featuredmedia":[{"embeddable":true,"href":"https:\/\/www.caririemacao.com\/1\/wp-json\/wp\/v2\/media\/42118"}],"wp:attachment":[{"href":"https:\/\/www.caririemacao.com\/1\/wp-json\/wp\/v2\/media?parent=42117"}],"wp:term":[{"taxonomy":"category","embeddable":true,"href":"https:\/\/www.caririemacao.com\/1\/wp-json\/wp\/v2\/categories?post=42117"},{"taxonomy":"post_tag","embeddable":true,"href":"https:\/\/www.caririemacao.com\/1\/wp-json\/wp\/v2\/tags?post=42117"}],"curies":[{"name":"wp","href":"https:\/\/api.w.org\/{rel}","templated":true}]}}